{"id":9760,"date":"2015-01-03T15:14:27","date_gmt":"2015-01-03T06:14:27","guid":{"rendered":"http:\/\/www.color-lounge.com\/blog\/?p=9760"},"modified":"2015-01-02T21:31:24","modified_gmt":"2015-01-02T12:31:24","slug":"portraits-de-septembre-2014","status":"publish","type":"post","link":"https:\/\/www.color-lounge.com\/blog\/2015\/portraits-de-septembre-2014\/","title":{"rendered":"Portraits de septembre 2014"},"content":{"rendered":"<p>Voici trois portraits pour le mois de septembre.<br \/>\nJe change d\u00e9sormais la pr\u00e9sentation qui suit le clich\u00e9. La premi\u00e8re raison est que cela me fait gagner du temps car je suis tr\u00e8s en retard et la seconde est que ma qualit\u00e9 de r\u00e9daction laisse bien trop \u00e0 d\u00e9sirer pour me lancer \u00e0 chaque fois dans un travail aussi titanesque. Cela ne vous emp\u00eachera pas d&rsquo;appr\u00e9cier toutes ces personnes comme je le fais \u00e0 chaque fois.<br \/>\nJe pars des cinq questions syst\u00e9matiques qui composent cette rencontre.<\/p>\n<p><img data-recalc-dims=\"1\" loading=\"lazy\" decoding=\"async\" data-attachment-id=\"9761\" data-permalink=\"https:\/\/www.color-lounge.com\/blog\/2015\/portraits-de-septembre-2014\/dscf4672\/#main\" data-orig-file=\"https:\/\/i0.wp.com\/www.color-lounge.com\/blog\/wp-content\/uploads\/2014\/12\/DSCF4672.jpg?fit=800%2C800&amp;ssl=1\" data-orig-size=\"800,800\" data-comments-opened=\"1\" data-image-meta=\"{&quot;aperture&quot;:&quot;0&quot;,&quot;credit&quot;:&quot;&quot;,&quot;camera&quot;:&quot;&quot;,&quot;caption&quot;:&quot;&quot;,&quot;created_timestamp&quot;:&quot;0&quot;,&quot;copyright&quot;:&quot;&quot;,&quot;focal_length&quot;:&quot;0&quot;,&quot;iso&quot;:&quot;0&quot;,&quot;shutter_speed&quot;:&quot;0&quot;,&quot;title&quot;:&quot;&quot;,&quot;orientation&quot;:&quot;0&quot;}\" data-image-title=\"Portraits de Tokyo\" data-image-description=\"\" data-image-caption=\"\" data-large-file=\"https:\/\/i0.wp.com\/www.color-lounge.com\/blog\/wp-content\/uploads\/2014\/12\/DSCF4672.jpg?fit=640%2C640&amp;ssl=1\" class=\"aligncenter size-medium wp-image-9761\" src=\"https:\/\/i0.wp.com\/www.color-lounge.com\/blog\/wp-content\/uploads\/2014\/12\/DSCF4672.jpg?resize=640%2C640&#038;ssl=1\" alt=\"C\u00e9dric Riveau\" width=\"640\" height=\"640\" \/><br \/>\n\u25b2 quartier : Takata<br \/>\n<strong>Votre nom ?<\/strong><br \/>\nNana<br \/>\n<strong>Votre \u00e2ge ?<\/strong><br \/>\n21 ans<br \/>\n<strong>Votre profession ?<\/strong><br \/>\nJe suis \u00e9tudiante \u00e0 l&rsquo;universit\u00e9 de Waseda \u00e0 c\u00f4t\u00e9 d&rsquo;ici. J&rsquo;\u00e9tudie le cin\u00e9ma mais \u00e7a ne me passionne pas vraiment&#8230; je pense&#8230; j&rsquo;ai aussi \u00e9tudi\u00e9 \u00e0 Kyoto avant de venir \u00e0 Tokyo mais bon&#8230; je ne sais pas tr\u00e8s bien ce que je veux faire plus tard. On verra. Pour l&rsquo;instant, je continue.<br \/>\n<strong>D&rsquo;o\u00f9 venez-vous ?<\/strong><br \/>\nJe viens de Kochi. Je suis arriv\u00e9e \u00e0 Tokyo au d\u00e9but de l&rsquo;ann\u00e9e, fin mars, exactement au moment des cerisiers en fleur ! Je n&rsquo;aime pas vraiment la ville mais j&rsquo;aime bien mon quartier. Je suis contente d&rsquo;habiter \u00e0 c\u00f4t\u00e9 d&rsquo;une rivi\u00e8re et donc de tous ces cerisiers.<br \/>\n<strong>Que faites-vous l\u00e0 maintenant ?<\/strong><br \/>\nJ&rsquo;attends mon petit ami. Je suis assise ici dans ce microscopique jardin depuis un moment maintenant. J&rsquo;ai oubli\u00e9 ma cl\u00e9 et j&rsquo;attends qu&rsquo;il rentre&#8230; alors je m&rsquo;occupe avec mon smartphone pour passer le temps. En fait, c&rsquo;est la cl\u00e9 de l&rsquo;entr\u00e9e&#8230; pas de l&rsquo;appartement&#8230; mais \u00e7a revient au m\u00eame, je ne peux pas entrer ! Bizarre hein ?! (rires) Seulement la cl\u00e9 de l&rsquo;entr\u00e9e&#8230; \u00c7a ne me g\u00eane pas d&rsquo;attendre.<br \/>\nOui, on me dit souvent que je suis positive et dynamique mais je ne le pense pas personnellement&#8230; Vous passez souvent par ici ? Ah bon ? Et bien on se reverra certainement car je suis souvent assise l\u00e0, \u00e0 cet endroit !<\/p>\n<p><img data-recalc-dims=\"1\" loading=\"lazy\" decoding=\"async\" data-attachment-id=\"9762\" data-permalink=\"https:\/\/www.color-lounge.com\/blog\/2015\/portraits-de-septembre-2014\/dscf4674\/#main\" data-orig-file=\"https:\/\/i0.wp.com\/www.color-lounge.com\/blog\/wp-content\/uploads\/2014\/12\/DSCF4674.jpg?fit=800%2C800&amp;ssl=1\" data-orig-size=\"800,800\" data-comments-opened=\"1\" data-image-meta=\"{&quot;aperture&quot;:&quot;0&quot;,&quot;credit&quot;:&quot;&quot;,&quot;camera&quot;:&quot;&quot;,&quot;caption&quot;:&quot;&quot;,&quot;created_timestamp&quot;:&quot;0&quot;,&quot;copyright&quot;:&quot;&quot;,&quot;focal_length&quot;:&quot;0&quot;,&quot;iso&quot;:&quot;0&quot;,&quot;shutter_speed&quot;:&quot;0&quot;,&quot;title&quot;:&quot;&quot;,&quot;orientation&quot;:&quot;0&quot;}\" data-image-title=\"Portraits de Tokyo\" data-image-description=\"\" data-image-caption=\"\" data-large-file=\"https:\/\/i0.wp.com\/www.color-lounge.com\/blog\/wp-content\/uploads\/2014\/12\/DSCF4674.jpg?fit=640%2C640&amp;ssl=1\" class=\"aligncenter size-medium wp-image-9762\" src=\"https:\/\/i0.wp.com\/www.color-lounge.com\/blog\/wp-content\/uploads\/2014\/12\/DSCF4674.jpg?resize=640%2C640&#038;ssl=1\" alt=\"C\u00e9dric Riveau\" width=\"640\" height=\"640\" \/><br \/>\n\u25b2 quartier : Waseda<br \/>\n<strong>Votre nom ?<\/strong><br \/>\nFuko<br \/>\n<strong>Votre \u00e2ge ?<\/strong><br \/>\n48 ans<br \/>\n<strong>Votre profession ?<\/strong><br \/>\nJe suis metteur en sc\u00e8ne pour le th\u00e9\u00e2tre.<br \/>\n<strong>D&rsquo;o\u00f9 venez-vous ?<\/strong><br \/>\nJe viens de la r\u00e9gion de Nagano.<br \/>\n<strong>Que faites-vous l\u00e0 maintenant ?<\/strong><br \/>\nMon bureau est juste au-dessus. Vous me voyez sur mon lieu de travail. Je vais monter pour travailler sur deux-trois choses avant de rentrer. Je me d\u00e9place toujours en scooter car c&rsquo;est assez pratique pour moi. Comme vous m&rsquo;avez demand\u00e9 mon portrait au moment o\u00f9 j&rsquo;arrivais, j&rsquo;ai accept\u00e9 parce que je pouvais garder mon casque. Sans lui, je vous aurais dit non. Quand je l&rsquo;enl\u00e8ve, c&rsquo;est le bazar avec ma coiffure et je ne peux pas montrer \u00e7a sur une photo !<br \/>\nVous connaissez Nagano ? Vous y \u00e9tiez cet \u00e9t\u00e9 ? Quel hasard ! Kamikochi \u00e9tait tr\u00e8s beau avant. Maintenant, il y a trop de touristes, je n&rsquo;ai plus envie d&rsquo;y aller. C&rsquo;est compl\u00e8tement satur\u00e9, surtout en \u00e9t\u00e9 ! Vous \u00eates all\u00e9 \u00e0 Matsumoto aussi ? Ah c&rsquo;est bien ! Vous connaissez bien le coin alors. C&rsquo;est bien de conna\u00eetre le Japon.<br \/>\nVous \u00eates fran\u00e7ais ? J&rsquo;ai un peu appris votre langue il y a tr\u00e8s longtemps&#8230; je pense que je parle un peu mieux italien parce que c&rsquo;\u00e9tait il y a moins longtemps (rires). Avant d&rsquo;aller en Italie, j&rsquo;ai voulu apprendre la langue. Je ne sais pas comment sont les Fran\u00e7ais en g\u00e9n\u00e9ral mais les Italiens sont un peu <em>too much<\/em>&#8230; Un Italien m&rsquo;a dit que j&rsquo;avais 13 ans quand j&rsquo;y \u00e9tais ! Vous imaginez ?! Non, non, pas 30 ans, 13 ans ! Incroyable non ? (rires)<\/p>\n<p><img data-recalc-dims=\"1\" loading=\"lazy\" decoding=\"async\" data-attachment-id=\"9763\" data-permalink=\"https:\/\/www.color-lounge.com\/blog\/2015\/portraits-de-septembre-2014\/dscf4678\/#main\" data-orig-file=\"https:\/\/i0.wp.com\/www.color-lounge.com\/blog\/wp-content\/uploads\/2014\/12\/DSCF4678.jpg?fit=800%2C800&amp;ssl=1\" data-orig-size=\"800,800\" data-comments-opened=\"1\" data-image-meta=\"{&quot;aperture&quot;:&quot;0&quot;,&quot;credit&quot;:&quot;&quot;,&quot;camera&quot;:&quot;&quot;,&quot;caption&quot;:&quot;&quot;,&quot;created_timestamp&quot;:&quot;0&quot;,&quot;copyright&quot;:&quot;&quot;,&quot;focal_length&quot;:&quot;0&quot;,&quot;iso&quot;:&quot;0&quot;,&quot;shutter_speed&quot;:&quot;0&quot;,&quot;title&quot;:&quot;&quot;,&quot;orientation&quot;:&quot;0&quot;}\" data-image-title=\"Portraits de Tokyo\" data-image-description=\"\" data-image-caption=\"\" data-large-file=\"https:\/\/i0.wp.com\/www.color-lounge.com\/blog\/wp-content\/uploads\/2014\/12\/DSCF4678.jpg?fit=640%2C640&amp;ssl=1\" class=\"aligncenter size-medium wp-image-9763\" src=\"https:\/\/i0.wp.com\/www.color-lounge.com\/blog\/wp-content\/uploads\/2014\/12\/DSCF4678.jpg?resize=640%2C640&#038;ssl=1\" alt=\"C\u00e9dric Riveau\" width=\"640\" height=\"640\" \/><br \/>\n\u25b2 quartier : Yotsuya<br \/>\n<strong>Vos noms ?<\/strong><br \/>\nHiro &amp; Rino<br \/>\n<strong>Vos \u00e2ges ?<\/strong><br \/>\n20 &amp; 21 ans<br \/>\n<strong>Vos professions ?<\/strong><br \/>\nNous sommes \u00e9tudiants de mode.<br \/>\n<strong>D&rsquo;o\u00f9 venez-vous ?<\/strong><br \/>\nHiro : Moi, je viens de Kanagawa.<br \/>\nRino : Moi, de Hiroshima.<br \/>\n<strong>Que faites-vous l\u00e0 maintenant ?<\/strong><br \/>\nOn vient d&rsquo;arriver \u00e0 <a title=\"Color Lounge\" href=\"https:\/\/www.color-lounge.com\/blog\/2014\/09\/bction\/\" target=\"_blank\">Bction<\/a>. On a entendu parler de cet \u00e9v\u00e9nement et on a tout de suite eu envie de venir visiter. \u00c7a a l&rsquo;air super ! O\u00f9 se met-on pour la photo ? L\u00e0 ? devant ce mur ? Bonne id\u00e9e !<br \/>\nNous \u00e9tudions dans la m\u00eame \u00e9cole \u00e0 Shinjuku. Pas tr\u00e8s loin en fait.<br \/>\nHiro : Moi, j&rsquo;aimerais devenir couturier. Je fais d&rsquo;ailleurs d\u00e9j\u00e0 des v\u00eatements. Non, ce que je porte n&rsquo;est pas de moi&#8230; Si j&rsquo;avais su ! (rires)<br \/>\nRino : Moi, j&rsquo;\u00e9tudie le stylisme. Faire des v\u00eatements ne m&rsquo;int\u00e9resse pas forc\u00e9ment. D&rsquo;ailleurs, je ne sais pas encore tr\u00e8s bien ce que je veux faire. On verra.<br \/>\nHiro : Je suis all\u00e9 \u00e0 Paris une fois. J&rsquo;ai ador\u00e9 ! L&rsquo;architecture, l&rsquo;histoire, les gens, leur fa\u00e7on de s&rsquo;habiller&#8230; c&rsquo;\u00e9tait super ! Je voudrais y aller encore.<br \/>\nRino : Je n&rsquo;y suis jamais all\u00e9e.<br \/>\nHiro : J&rsquo;habite \u00e0 Yokosuka. Vous ne connaissez pas ?&#8230; c&rsquo;est bien comme quartier. Qu&rsquo;est-ce qu&rsquo;il y a d&rsquo;int\u00e9ressant ? Euh&#8230;<br \/>\nRino : Oui, c&rsquo;est vrai \u00e7a. Qu&rsquo;est-ce qu&rsquo;il y a d&rsquo;int\u00e9ressant ?<br \/>\nHiro : Euh&#8230; beaucoup d&rsquo;\u00e9trangers ! (rires)<\/p>\n","protected":false},"excerpt":{"rendered":"<p>Voici trois portraits pour le mois de septembre. Je change d\u00e9sormais la pr\u00e9sentation qui suit le clich\u00e9. La premi\u00e8re raison est que cela me fait gagner du temps car je suis tr\u00e8s en retard et la seconde est que ma qualit\u00e9 de r\u00e9daction laisse bien trop \u00e0 d\u00e9sirer pour me lancer \u00e0 chaque fois dans [&hellip;]<\/p>\n","protected":false},"author":2,"featured_media":9764,"comment_status":"open","ping_status":"open","sticky":false,"template":"","format":"standard","meta":{"ngg_post_thumbnail":0,"jetpack_post_was_ever_published":false,"_jetpack_newsletter_access":"","_jetpack_dont_email_post_to_subs":false,"_jetpack_newsletter_tier_id":0,"_jetpack_memberships_contains_paywalled_content":false,"_jetpack_memberships_contains_paid_content":false,"footnotes":"","jetpack_publicize_message":"","jetpack_publicize_feature_enabled":true,"jetpack_social_post_already_shared":false,"jetpack_social_options":{"image_generator_settings":{"template":"highway","default_image_id":0,"font":"","enabled":false},"version":2}},"categories":[1335],"tags":[1338,2361,2019,2233],"class_list":["post-9760","post","type-post","status-publish","format-standard","has-post-thumbnail","hentry","category-du-jour","tag-portrait-du-jour-par-cedric-riveau","tag-waseda","tag-x-pro1-2","tag-yotsuya-2"],"aioseo_notices":[],"jetpack_publicize_connections":[],"jetpack_featured_media_url":"https:\/\/i0.wp.com\/www.color-lounge.com\/blog\/wp-content\/uploads\/2014\/12\/cover4.jpg?fit=600%2C800&ssl=1","jetpack_sharing_enabled":true,"jetpack_shortlink":"https:\/\/wp.me\/p5BAbw-2xq","_links":{"self":[{"href":"https:\/\/www.color-lounge.com\/blog\/wp-json\/wp\/v2\/posts\/9760","targetHints":{"allow":["GET"]}}],"collection":[{"href":"https:\/\/www.color-lounge.com\/blog\/wp-json\/wp\/v2\/posts"}],"about":[{"href":"https:\/\/www.color-lounge.com\/blog\/wp-json\/wp\/v2\/types\/post"}],"author":[{"embeddable":true,"href":"https:\/\/www.color-lounge.com\/blog\/wp-json\/wp\/v2\/users\/2"}],"replies":[{"embeddable":true,"href":"https:\/\/www.color-lounge.com\/blog\/wp-json\/wp\/v2\/comments?post=9760"}],"version-history":[{"count":5,"href":"https:\/\/www.color-lounge.com\/blog\/wp-json\/wp\/v2\/posts\/9760\/revisions"}],"predecessor-version":[{"id":9769,"href":"https:\/\/www.color-lounge.com\/blog\/wp-json\/wp\/v2\/posts\/9760\/revisions\/9769"}],"wp:featuredmedia":[{"embeddable":true,"href":"https:\/\/www.color-lounge.com\/blog\/wp-json\/wp\/v2\/media\/9764"}],"wp:attachment":[{"href":"https:\/\/www.color-lounge.com\/blog\/wp-json\/wp\/v2\/media?parent=9760"}],"wp:term":[{"taxonomy":"category","embeddable":true,"href":"https:\/\/www.color-lounge.com\/blog\/wp-json\/wp\/v2\/categories?post=9760"},{"taxonomy":"post_tag","embeddable":true,"href":"https:\/\/www.color-lounge.com\/blog\/wp-json\/wp\/v2\/tags?post=9760"}],"curies":[{"name":"wp","href":"https:\/\/api.w.org\/{rel}","templated":true}]}}