{"id":96,"date":"2007-04-28T11:05:10","date_gmt":"2007-04-28T16:05:10","guid":{"rendered":"http:\/\/www.color-lounge.com\/blog\/?p=96"},"modified":"2013-02-16T18:12:46","modified_gmt":"2013-02-16T09:12:46","slug":"la-vingtieme","status":"publish","type":"post","link":"https:\/\/www.color-lounge.com\/blog\/2007\/la-vingtieme\/","title":{"rendered":"La vingti\u00e8me&#8230;"},"content":{"rendered":"<p>ou histoire d&rsquo;en finir avec les anniversaires&#8230; (pour avril?)<\/p>\n<p><img data-recalc-dims=\"1\" decoding=\"async\" src=\"https:\/\/i0.wp.com\/www.color-lounge.com\/blog\/wp-content\/uploads\/2007\/04\/agfamatic_508.jpg?w=640&#038;ssl=1\" alt=\"\" \/><br \/>\nOn peut dire que tout a commenc\u00e9 \u00e0 ce moment-l\u00e0&#8230; au d\u00e9but des ann\u00e9es 80, mais je ne sais plus exactement quelle ann\u00e9e. Mon p\u00e8re s&rsquo;en souviendrait-il? Il y avait les formats <a href=\"http:\/\/en.wikipedia.org\/wiki\/126_film\" target=\"_blank\">126<\/a> et <a href=\"http:\/\/en.wikipedia.org\/wiki\/110_film\" target=\"_blank\">110<\/a> lanc\u00e9s par Kodak, une r\u00e9volution! Cela d\u00e9mocratisa la photo en la rendant tr\u00e8s peu co\u00fbteuse. Et oui, il n&rsquo;y a pas que le num\u00e9rique!  La s\u00e9rie d&rsquo;appareil n\u00e9e de ce format s&rsquo;appelait <a href=\"http:\/\/en.wikipedia.org\/wiki\/Instamatic\" target=\"_blank\">Instamatic<\/a>&#8230;. vous souvenez-vous? Ils \u00e9taient tout plat, on les armait en poussant la glissi\u00e8re sur le c\u00f4t\u00e9, le bouton \u00e9tait orange enfin pour le mien&#8230;<\/p>\n<p><img data-recalc-dims=\"1\" decoding=\"async\" src=\"https:\/\/i0.wp.com\/www.color-lounge.com\/blog\/wp-content\/uploads\/2007\/04\/agfamatic_box.jpg?w=640&#038;ssl=1\" alt=\"La bo\u00eete!\" \/><br \/>\nC&rsquo;\u00e9tait un No\u00ebl donc, et je re\u00e7us cet appareil photo en cadeau. Moi? Un appareil photo? La bo\u00eete devait ressembler \u00e0 cette photo et l&rsquo;appareil \u00e9tait (j&rsquo;imagine) le <a href=\"http:\/\/www.collection-appareils.com\/agfa\/html\/agfamatic_508.php\" target=\"_blank\">508<\/a>, l&rsquo;entr\u00e9e de gamme. Il doit \u00eatre dans un carton sous 15cm de poussi\u00e8re quelque part en France. Je me souviens, un \u00e9t\u00e9, vouloir imiter ma m\u00e8re qui faisait des macros de fleurs. C&rsquo;\u00e9tait dans les Alpes, \u00e0 La Clusaz, j&rsquo;avais moi aussi tent\u00e9 les macros de fleurs avec ce pauvre appareil! Tout \u00e9tait flou bien s\u00fbr et les photos compl\u00e8tement d\u00e9cal\u00e9es en raison de la position du viseur et de l&rsquo;objectif&#8230; c&rsquo;\u00e9tait marrant mais \u00e7a ne m&rsquo;a pas d\u00e9rang\u00e9. J&rsquo;avais aussi pris mes chats cet \u00e9t\u00e9-l\u00e0 et les photos \u00e9taient plus r\u00e9ussies.<br \/>\n<img data-recalc-dims=\"1\" decoding=\"async\" src=\"https:\/\/i0.wp.com\/www.color-lounge.com\/blog\/wp-content\/uploads\/2007\/04\/nuage-et-lune.jpg?w=640&#038;ssl=1\" alt=\"Nuage (le Chartreux) et Lune (la Siamoise)\" \/><\/p>\n<p>Pour retrouver l&rsquo;appareil de votre enfance, je vous conseille <a href=\"http:\/\/www.collection-appareils.com\/\" target=\"_blank\">ce site<\/a>. La page d\u00e9di\u00e9e aux Instamatic <a href=\"http:\/\/www.collection-appareils.com\/general\/html\/liste6_imagettes.php\" target=\"_blank\">Kodak<\/a> et <a href=\"http:\/\/www.collection-appareils.com\/general\/html\/liste1_imagettes.php\" target=\"_blank\">Agfa<\/a>. S\u00e9quence souvenirs&#8230;<\/p>\n<p>Mais tout cela ne fait pas 20 ans me direz-vous! Et je vous dirai oui, \u00e7a fait plus!<\/p>\n<p><em>20 ans ou avril 1987, Minolta, Florence&#8230;<\/em><br \/>\nJ&rsquo;avais chang\u00e9 de coll\u00e8ge l&rsquo;ann\u00e9e pr\u00e9c\u00e9dente et pour cette raison, je n&rsquo;avais pas pu participer au voyage scolaire en Italie. En 1987 donc, alors que le voyage \u00e9tait r\u00e9serv\u00e9 aux 4e, apr\u00e8s n\u00e9gociation avec la professeure de dessin et le professeur de musique  &#8211; les organisateurs &#8211; et j&rsquo;imagine quelques mots de mon p\u00e8re, je pouvais me joindre \u00e0 ce voyage vers Florence o\u00f9 je r\u00eavais intens\u00e9ment de pouvoir rencontrer <a href=\"http:\/\/fr.wikipedia.org\/wiki\/David_%28Michel-Ange%29\" target=\"_blank\">David<\/a>! Je m&rsquo;entendais alors tr\u00e8s bien avec ces deux professeurs, ils m&rsquo;aimaient beaucoup et \u00e9taient heureux que je puisse participer \u00e0 ce voyage. Les deux seules mati\u00e8res o\u00f9 j&rsquo;excellais, les deux seules mati\u00e8res cr\u00e9atives et artistiques o\u00f9 les \u00e9l\u00e8ves ne sont pas tenus de r\u00e9pondre ce que le professeur attend&#8230; Le voyage se faisait donc sous la lumi\u00e8re artistique de ces deux repr\u00e9sentants de l&rsquo;<a href=\"http:\/\/fr.wikipedia.org\/wiki\/%C3%89ducation_nationale\" target=\"_blank\">Education Nationale<\/a> et de cette <a href=\"http:\/\/fr.wikipedia.org\/wiki\/Florence\" target=\"_blank\">ville-mus\u00e9e<\/a>. Le cr\u00e9atif dominait! Et surtout, cela se faisait dans le cadre d&rsquo;un projet artistique photo et son. La professeure de dessin \u00e9tait en charge de la photo et le professeur de musique du son. Ainsi, avant le d\u00e9part, nous avons eu une petite formation de leur part. La professeure de dessin m&rsquo;initiant \u00e0 l&rsquo;utilisation d&rsquo;un bo\u00eetier Minolta semi-automatique (c&rsquo;est-\u00e0-dire une cellule int\u00e9gr\u00e9e qui donne la vitesse en fonction du diaphragme choisi) mais tout le reste manuel. Le professeur de musique m&rsquo;initiant \u00e0 la prise de son avec l\u00e0 aussi, un mat\u00e9riel professionnel de fou. Nous avons m\u00eame fait du montage en coupant la bande magn\u00e9tique et tout. C&rsquo;\u00e9tait incroyable!<br \/>\n<img data-recalc-dims=\"1\" decoding=\"async\" src=\"https:\/\/i0.wp.com\/www.color-lounge.com\/blog\/wp-content\/uploads\/2007\/05\/minolta_xgm.jpg?w=640&#038;ssl=1\" alt=\"Minolta\" \/><br \/>\nJe me souviens de cette premi\u00e8re journ\u00e9e o\u00f9 apr\u00e8s la th\u00e9orie venait la pratique. Nous sommes sortis du coll\u00e8ge, nous sommes all\u00e9s dans une gare et nous prenions des photos. Je d\u00e9couvrais vraiment le monde vu \u00e0 travers le viseur d&rsquo;un 24&#215;36 avec un 50mm. J&rsquo;ai pris des photos. En revenant, je me suis rendu compte que j&rsquo;\u00e9tais rest\u00e9 enti\u00e8rement en manuel. Tout en manuel&#8230; Mes photos devaient \u00eatre toutes rat\u00e9es&#8230; d\u00e9ception&#8230; c&rsquo;est au tirage que j&rsquo;ai d\u00e9couvert que tout \u00e9tait r\u00e9ussi! Le d\u00e9part des trains, les rails, les cables \u00e9lectriques! Tout allait!<br \/>\nJe n&rsquo;ai malheureusement pas ces photos. C&rsquo;est ma professeure de dessin qui les a gard\u00e9es (gard\u00e9es?&#8230;)<\/p>\n<p>A Florence, j&rsquo;ai explos\u00e9 le record de photos! J&rsquo;\u00e9tais fascin\u00e9 par la ville. J&rsquo;avais un ustensile qui me permettait de prouver cette fascination. Si je me souviens bien, j&rsquo;ai fait dans les 200-300 diapos&#8230; on ne me retenait plus! M\u00eame les professeurs n&rsquo;avaient pas fait attention au stock de pellicules qui diminuait gravement \u00e0 cause de moi.<br \/>\nJe me suis fait une frayeur aussi. Je ch\u00e9rissais cet appareil plus que tout (plus que ma copine de l&rsquo;\u00e9poque qui \u00e9tait pourtant avec moi \u00e0 Florence!) car c&rsquo;\u00e9tait un objet de valeur: c&rsquo;\u00e9tait l&rsquo;appareil de ma prof, elle me l&rsquo;avait confi\u00e9 et je savais qu&rsquo;elle voyait que je m&rsquo;\u00e9clatais avec l&rsquo;appareil. Elle me faisait donc confiance. Or, en allant changer de l&rsquo;argent dans une banque, j&rsquo;ai oubli\u00e9 l&rsquo;appareil sur le comptoir. En Italie! Livide, je suis retourn\u00e9 en courant vers la banque, laissant ma professeure d\u00e9sesp\u00e9r\u00e9e de perdre son appareil, ne croyant plus le retrouver et moi, la mort dans l&rsquo;\u00e2me d&rsquo;oublier un tel objet! Je bravais aussi la s\u00e9curit\u00e9 retournant seul \u00e0 la banque, me s\u00e9parant du groupe&#8230; soufflant comme un boeuf, j&rsquo;ai fendu la queue jusqu&rsquo;au comptoir et sous les yeux \u00e9carquill\u00e9s des clients, j&rsquo;ai trouv\u00e9 l&rsquo;objet qui m&rsquo;attendait, qui n&rsquo;avait pas \u00e9t\u00e9 vol\u00e9. Joie. Soulagement de ma professeure.<\/p>\n<p>Pour cet anniversaire qui compte beaucoup pour moi, ces 20 ans de photo reflex, je n&rsquo;ai malheureusement pas r\u00e9ussi \u00e0 m&rsquo;organiser pour r\u00e9cup\u00e9rer les quelques diapos de Florence qui m&rsquo;ont \u00e9t\u00e9 offertes par ma professeure quelques ann\u00e9es plus tard. Il faudrait que je retourne en France pour chercher sous cette poussi\u00e8re ce bo\u00eetier jaune qui les contient. Mais c&rsquo;est promis, la prochaine fois que j&rsquo;y vais, je m&rsquo;en occupe! J&rsquo;y tiens (dans tous les sens du terme!)<br \/>\n<img data-recalc-dims=\"1\" decoding=\"async\" src=\"https:\/\/i0.wp.com\/www.color-lounge.com\/blog\/wp-content\/uploads\/2007\/05\/slide-storage-yellow-narrow2.jpg?w=640&#038;ssl=1\" alt=\"Bo\u00eetiers diapos\" \/><\/p>\n<p>J&rsquo;ai ensuite <em>re<\/em>commenc\u00e9 avec ce merveilleux bo\u00eetier que mon p\u00e8re a fini par me donner il y a longtemps, en 1989, sur lequel j&rsquo;ai lorgn\u00e9 pendant longtemps: le Nikomat EF (sorti en 1972)<br \/>\n<img data-recalc-dims=\"1\" decoding=\"async\" src=\"https:\/\/i0.wp.com\/www.color-lounge.com\/blog\/wp-content\/uploads\/2007\/05\/nikon02.jpg?w=640&#038;ssl=1\" alt=\"Nikomat EL\" \/><br \/>\nUn bo\u00eetier import\u00e9 personnellement du Japon en 1976 par un ami de mon p\u00e8re. Un bo\u00eetier juste un peu plus jeune que moi. J&rsquo;ai encore le <em>faux<\/em> certificat d&rsquo;achat de ce bo\u00eetier qui n&rsquo;a pas \u00e9t\u00e9 distribu\u00e9 en Europe et bien s\u00fbr, j&rsquo;ai toujours cet appareil qui m&rsquo;est tr\u00e8s cher ici au Japon.<\/p>\n<p>(Une tr\u00e8s bonne base de donn\u00e9es sur les appareils photo: http:\/\/www.camerapedia.org\/ )<\/p>\n<p>Pour c\u00e9l\u00e9brer cet anniversaire, je vous pr\u00e9sente une s\u00e9rie de photographies annuelles entre 1987 et 2007. Il n&rsquo;y aura donc pas de photo pour 1987 puisque je ne voudrais y mettre qu&rsquo;une photo de Florence. Cela viendra quand je retrouverai ces diapos. Je n&rsquo;ai pas non plus de photographie prise en 1988 puisque je n&rsquo;avais pas d&rsquo;appareil digne de ce nom. Je couvre donc 1989 \u00e0 2007, c&rsquo;est pas mal. Choisir parmi mes milliers de photographies fut un exercice extr\u00eamement difficile mais un excellent travail d&rsquo;introspection. Je voulais aussi sortir des photos qu&rsquo;on trouve sur le site&#8230; pas toujours \u00e9vident!<br \/>\nBonne balade.<\/p>\n<h2>&#8211; 1989 &#8211;<\/h2>\n<p>concours photo autour du th\u00e8me \u00ab\u00a0Terre et Pierre\u00a0\u00bb. Le concours \u00e9tait organis\u00e9 par la chatelaine d&rsquo;un village de la grande banlieue parisienne.<br \/>\n<img data-recalc-dims=\"1\" decoding=\"async\" src=\"https:\/\/i0.wp.com\/www.color-lounge.com\/blog\/wp-content\/uploads\/2007\/04\/1989.jpg?w=640&#038;ssl=1\" alt=\"Terre &amp; Pierre - 1989\" \/><br \/>\nNikomat EL &#8211; pellicule Kodak 5052 T-Max 100iso<br \/>\n&#8212;<\/p>\n<h2>&#8211; 1990 &#8211;<\/h2>\n<p>J&rsquo;ai pass\u00e9 une apr\u00e8s-midi sous <a href=\"http:\/\/fr.wikipedia.org\/wiki\/Arche_de_la_D%C3%A9fense\" target=\"_blank\">l&rsquo;arche<\/a> de <a href=\"http:\/\/fr.wikipedia.org\/wiki\/La_D%C3%A9fense\" target=\"_blank\">la D\u00e9fense<\/a> pour me faire une pellicule. J&rsquo;y suis retourn\u00e9 plusieurs ann\u00e9es plus tard et j&rsquo;ai \u00e9t\u00e9 surpris de voir que cette photo date de 1990. Je pensais qu&rsquo;elle datait de la journ\u00e9e de 1994.<br \/>\n<img data-recalc-dims=\"1\" decoding=\"async\" src=\"https:\/\/i0.wp.com\/www.color-lounge.com\/blog\/wp-content\/uploads\/2007\/04\/1990.jpg?w=640&#038;ssl=1\" alt=\"Sous l'arche - 1990\" \/><br \/>\nNikomat EL &#8211; pellicule Kodak Gold 100iso<\/p>\n<p>&#8212;<\/p>\n<h2>&#8211; 1991 &#8211;<\/h2>\n<p>La <a href=\"http:\/\/www.insecula.com\/salle\/MS01116.html\" target=\"_blank\">place des petits p\u00e8re<\/a> \u00e0 Paris, pendant l&rsquo;\u00e9t\u00e9 1991. J&rsquo;\u00e9tais au 200mm, cet objectif monstre qui p\u00e8se une tonne parce que tr\u00e8s lumineux (f\/2.8) et apr\u00e8s avoir appuy\u00e9 sur le d\u00e9clencheur, l&rsquo;homme s&rsquo;allongea et on ne le voyait quasiment plus. J&rsquo;ai longuement esp\u00e9r\u00e9 que la photo soit r\u00e9ussie car j&rsquo;avais l&rsquo;impression d&rsquo;avoir <em>pris<\/em> quelque chose.<br \/>\n<img data-recalc-dims=\"1\" decoding=\"async\" src=\"https:\/\/i0.wp.com\/www.color-lounge.com\/blog\/wp-content\/uploads\/2007\/04\/1991.jpg?w=640&#038;ssl=1\" alt=\"Place des petits p\u00e8res - 1991\" \/><br \/>\nNikomat EL &#8211; pellicule Kodak 5052 T-Max 100iso<\/p>\n<p>&#8212;<\/p>\n<h2>&#8211; 1992 &#8211;<\/h2>\n<p>Quelque part dans le sud de la Turquie. Prendre les gens en photo commen\u00e7ait d\u00e9j\u00e0 \u00e0 me d\u00e9manger et je d\u00e9couvrais que cela n&rsquo;\u00e9tait pas facile en raison du refus. Qui plus est dans un pays musulman o\u00f9 les femmes s&rsquo;enfuyaient quand je commen\u00e7ais \u00e0 sortir l&rsquo;appareil.<br \/>\n<img data-recalc-dims=\"1\" decoding=\"async\" src=\"https:\/\/i0.wp.com\/www.color-lounge.com\/blog\/wp-content\/uploads\/2007\/04\/1992.jpg?w=640&#038;ssl=1\" alt=\"Sud de la Turquie\" \/><br \/>\nNikomat EL &#8211; pellicule Kodak 5053 TMY 400iso<\/p>\n<p>&#8212;<\/p>\n<h2>&#8211; 1993 &#8211;<\/h2>\n<p>Une de mes tr\u00e8s tr\u00e8s nombreuses photo du <a href=\"http:\/\/www.louvre.fr\/\" target=\"_blank\">Louvre<\/a>. Ce mus\u00e9e que j&rsquo;ai pris sous beaucoup d&rsquo;angles&#8230; J&rsquo;y ai pass\u00e9 des apr\u00e8s-midis entiers \u00e0 aller-revenir un peu partout. Cet endroit est fascinant pour les rencontres qu&rsquo;on peut y faire.<br \/>\n<img data-recalc-dims=\"1\" decoding=\"async\" src=\"https:\/\/i0.wp.com\/www.color-lounge.com\/blog\/wp-content\/uploads\/2007\/04\/1993.jpg?w=640&#038;ssl=1\" alt=\"Le Louvre - 1993\" \/><br \/>\nNikomat EL &#8211; pellicule Kodak 5053 TMY 400iso<\/p>\n<p>&#8212;<\/p>\n<h2>&#8211; 1994 &#8211;<\/h2>\n<p>Ce n&rsquo;est pas le Louvre mais ce n&rsquo;est pas loin. Il s&rsquo;agit du <a href=\"http:\/\/www.conseil-etat.fr\/ce\/histoi\/index_hp_vg00.shtml\" target=\"_blank\">Palais Royal<\/a>. Cette petite vieille au soleil avec son tricot contre son arbre m&rsquo;avait bien plu.<br \/>\nJe l&rsquo;ai prise malgr\u00e9 son refus&#8230;<br \/>\n<img data-recalc-dims=\"1\" decoding=\"async\" src=\"https:\/\/i0.wp.com\/www.color-lounge.com\/blog\/wp-content\/uploads\/2007\/04\/1994.jpg?w=640&#038;ssl=1\" alt=\"Palais royal\" \/><br \/>\nNikomat EL &#8211; pellicule Ilford Delta 100iso<\/p>\n<p>&#8212;<\/p>\n<h2>&#8211; 1995 &#8211;<\/h2>\n<p>Dans Paris, il y a deux jardins qui m&rsquo;interpellent parce que j&rsquo;y ai us\u00e9 des semelles et des roues de patins: les <a href=\"http:\/\/fr.wikipedia.org\/wiki\/Buttes-Chaumont\" target=\"_blank\">Buttes-Chaumont<\/a> et le <a href=\"http:\/\/fr.wikipedia.org\/wiki\/Jardin_du_Luxembourg\" target=\"_blank\">Luxembourg<\/a>. Ce jour-l\u00e0, cet empilement des fameuses <a href=\"http:\/\/www.princejardinier.fr\/produit_1145_chaise_longue_luxembourg_memoire_vert_fonce_metal.html\" target=\"_blank\">chaises du Luxembourg<\/a> m&rsquo;appelait de toutes ses forces!<br \/>\n<img data-recalc-dims=\"1\" decoding=\"async\" src=\"https:\/\/i0.wp.com\/www.color-lounge.com\/blog\/wp-content\/uploads\/2007\/04\/1995.jpg?w=640&#038;ssl=1\" alt=\"Les chaises du Luxembourg\" \/><br \/>\nNikomat EL &#8211; pellicule Ilford Delta 400iso<\/p>\n<p>&#8212;<\/p>\n<h2>&#8211; 1996 &#8211;<\/h2>\n<p>Un des nombreux apr\u00e8s-midis sous la <a href=\"http:\/\/fr.wikipedia.org\/wiki\/Pyramide_du_louvre\" target=\"_blank\">pyramide<\/a>, en haut des escaliers, sous la chaleur de la verri\u00e8re \u00e0 attendre que des bip\u00e8des prennent une pause int\u00e9ressante dans mon objectif sans que d&rsquo;autres \u00e9l\u00e9ments viennent les perturber&#8230;<br \/>\n<img data-recalc-dims=\"1\" decoding=\"async\" src=\"https:\/\/i0.wp.com\/www.color-lounge.com\/blog\/wp-content\/uploads\/2007\/04\/1996.jpg?w=640&#038;ssl=1\" alt=\"Sous la pyramide - 1996\" \/><br \/>\nNikomat EL &#8211; pellicule Kodak 5063 Tri-X 400iso<\/p>\n<p>&#8212;<\/p>\n<h2>&#8211; 1997 &#8211;<\/h2>\n<p>Photo au culot comme je les ai appel\u00e9es. Comment prendre les gens au naturel et surtout, ces milliers de visages qu&rsquo;on croise chaque jour et qui me fascinent! Comment? Gr\u00e2ce au travail de <a href=\"http:\/\/www.livresphotos.com\/Depardon-New-York.html\" target=\"_blank\">Depardon \u00e0 NY<\/a> (<a href=\"http:\/\/www.magnumphotos.com\/Archive\/C.aspx?VP=XSpecific_MAG.PhotographerDetail_VPage&amp;pid=2K7O3R14JLO1&amp;nm=Raymond%20Depardon\" target=\"_blank\">Magnum<\/a>), j&rsquo;ai trouv\u00e9 une inspiration qui ne m&rsquo;a pas quitt\u00e9e aujourd&rsquo;hui encore. Prendre sans viser, sans cadrer, au culot! L&rsquo;appareil au bout du bras ou sur le ventre&#8230; Il s&rsquo;agit de la premi\u00e8re photo de cette s\u00e9rie&#8230; des japonaises&#8230; le destin?<br \/>\n<img data-recalc-dims=\"1\" decoding=\"async\" src=\"https:\/\/i0.wp.com\/www.color-lounge.com\/blog\/wp-content\/uploads\/2007\/04\/1997.jpg?w=640&#038;ssl=1\" alt=\"Photo au culot! - 1997\" \/><br \/>\nNikomat EL &#8211; pellicule Ilford Delta 400iso<\/p>\n<p>&#8212;<\/p>\n<h2>&#8211; 1998 &#8211;<\/h2>\n<p><a href=\"http:\/\/fr.wikipedia.org\/wiki\/Madrid\" target=\"_blank\">Madrid<\/a> o\u00f9 je suis all\u00e9 3 \u00e9t\u00e9s de suite. Cette ville que j&rsquo;adore, cette ville \u00e0 la lumi\u00e8re exceptionnelle et aux couleurs tout aussi rayonnantes.<br \/>\n<img data-recalc-dims=\"1\" decoding=\"async\" src=\"https:\/\/i0.wp.com\/www.color-lounge.com\/blog\/wp-content\/uploads\/2007\/04\/1998.jpg?w=640&#038;ssl=1\" alt=\"Madrid - 1998\" \/><br \/>\nNikomat EL &#8211; pellicule Kodak Gold 200iso<\/p>\n<p>&#8212;<\/p>\n<h2>&#8211; 1999 &#8211;<\/h2>\n<p>Aaah <a href=\"http:\/\/fr.wikipedia.org\/wiki\/Barcelone\" target=\"_blank\">Barcelone<\/a>&#8230; Aaah <a href=\"http:\/\/fr.wikipedia.org\/wiki\/Antoni_Gaud%C3%AD\" target=\"_blank\">Gaudi<\/a>&#8230; Aaah <a href=\"http:\/\/fr.wikipedia.org\/wiki\/Parc_G%C3%BCell\" target=\"_blank\">le parc G\u00c3\u00bcell<\/a>&#8230; Cette ville m&rsquo;a vraiment marqu\u00e9! Je passe mon temps \u00e0 la recommander aux personnes qui vont en Europe. Il s&rsquo;agit d&rsquo;un d\u00e9tail des bancs du parc.<br \/>\n<img data-recalc-dims=\"1\" decoding=\"async\" src=\"https:\/\/i0.wp.com\/www.color-lounge.com\/blog\/wp-content\/uploads\/2007\/04\/1999.jpg?w=640&#038;ssl=1\" alt=\"Barcelone - 1999\" \/><br \/>\nNikomat EL &#8211; pellicule Kodak Gold 400iso<\/p>\n<p>&#8212;<\/p>\n<h2>&#8211; 2000 &#8211;<\/h2>\n<p>Ma derni\u00e8re <em>Gay pride<\/em> en Europe, juste avec mon d\u00e9part pour l&rsquo;Asie. J&rsquo;\u00e9tais d\u00e9j\u00e0 en Allemagne. Cette <a href=\"http:\/\/fr.wikipedia.org\/wiki\/Gay_pride\" target=\"_blank\">Gay pride<\/a> o\u00f9 j&rsquo;allais m&rsquo;\u00e9clater \u00e0 danser dans les rues de Paris sur de la <a href=\"http:\/\/www.mewra.net\/\" target=\"_blank\">techno<\/a>, sur les chars, \u00e0 me faire rouler des pelles ou mettre des mains aux fesses sans avoir rien demand\u00e9&#8230; o\u00f9 j&rsquo;ai crois\u00e9 de troublantes beaut\u00e9s&#8230;<br \/>\n<img data-recalc-dims=\"1\" decoding=\"async\" src=\"https:\/\/i0.wp.com\/www.color-lounge.com\/blog\/wp-content\/uploads\/2007\/04\/2000.jpg?w=640&#038;ssl=1\" alt=\"Gay pride - Paris - 2000\" \/><br \/>\nNikomat EL &#8211; pellicule Kodak Gold 400iso<\/p>\n<p>&#8212;<\/p>\n<h2>&#8211; 2001 &#8211;<\/h2>\n<p>Une de mes premi\u00e8res pellicules au Japon, lors d&rsquo;un des gros festival de Tokyo <a href=\"http:\/\/photoguide.jp\/pix\/thumbnails.php?album=338\" target=\"_blank\">Mitama matsuri<\/a> au <a href=\"http:\/\/fr.wikipedia.org\/wiki\/Sanctuaire_de_Yasukuni\" target=\"_blank\">temple Yasukuni<\/a> (le fameux&#8230;)  Je me suis tourn\u00e9 un instant, je l&rsquo;ai vue, je l&rsquo;ai prise&#8230; au moment o\u00f9 le rideau de mon appareil se relevait, elle avait disparu. J&rsquo;ai eu beaucoup de chance.<br \/>\n<img data-recalc-dims=\"1\" decoding=\"async\" src=\"https:\/\/i0.wp.com\/www.color-lounge.com\/blog\/wp-content\/uploads\/2007\/04\/2001.jpg?w=640&#038;ssl=1\" alt=\"Mitama matsuri - Tokyo - 2001\" \/><br \/>\nNikomat EL &#8211; pellicule Kodak Gold 400iso<\/p>\n<p>&#8212;<\/p>\n<h2>&#8211; 2002 &#8211;<\/h2>\n<p>La derni\u00e8re ann\u00e9e (jusqu&rsquo;\u00e0 aujourd&rsquo;hui) avec un n\u00e9gatif. Il s&rsquo;agit du <a href=\"http:\/\/en.wikipedia.org\/wiki\/Tokyo_International_Forum\" target=\"_blank\"><em>Tokyo international forum<\/em><\/a> dans le quartier de <a href=\"http:\/\/images.google.com\/images?q=yurakucho\" target=\"_blank\">Yurakucho<\/a>. Cette photo n&rsquo;est pas sans rappeler celle de la pyramide du Louvre en 1996. J&rsquo;ai utilis\u00e9 mon troisi\u00e8me bo\u00eetier pour cette photo, le <a href=\"http:\/\/fr.wikipedia.org\/wiki\/Nikon_F\" target=\"_blank\">Nikon F<\/a>, une merveille \u00e0 100% manuel qui date de 1971, c&rsquo;est-\u00e0-dire exactement mon \u00e2ge.<br \/>\n<img data-recalc-dims=\"1\" decoding=\"async\" src=\"https:\/\/i0.wp.com\/www.color-lounge.com\/blog\/wp-content\/uploads\/2007\/04\/2002.jpg?w=640&#038;ssl=1\" alt=\"Tokyo international forum - 2002\" \/><br \/>\nNikon F &#8211; pellicule Kodak GC 400<\/p>\n<p>&#8212;<\/p>\n<h2>&#8211; 2003 &#8211;<\/h2>\n<p>Une photo prise avec un <a href=\"http:\/\/fr.wikipedia.org\/wiki\/APN\" target=\"_blank\">APN<\/a>, la premi\u00e8re de cette s\u00e9rie en fait. Outre le fait d&rsquo;avoir consid\u00e9rablement augment\u00e9 la quantit\u00e9 de mes photos (et pourtant, j&rsquo;ai d\u00e9truit des gigas de photos!), le num\u00e9rique m&rsquo;a surtout permis de faire deux choses importantes: travailler avec la lumi\u00e8re et permettre d&rsquo;assembler des panoramas. Je voulais depuis longtemps travailler avec la lumi\u00e8re et des temps de pause longs. Avec des n\u00e9gatifs, cela co\u00fbte rapidement tr\u00e8s cher pour un type de photo qui se r\u00e9ussit \u00e0 environ 5-6%&#8230; Le num\u00e9rique m&rsquo;a permis d&rsquo;essayer beaucoup de choses. Je mets un panorama de nuit! Il a \u00e9t\u00e9 pris dans la baie de Tokyo, \u00e0 <a href=\"http:\/\/fr.wikipedia.org\/wiki\/Odaiba\" target=\"_blank\">Odaiba<\/a>. Il est compos\u00e9 de (seulement) 14 photos et fait environ 190\u00b0.<br \/>\n<img data-recalc-dims=\"1\" decoding=\"async\" src=\"https:\/\/i0.wp.com\/www.color-lounge.com\/blog\/wp-content\/uploads\/2007\/04\/2003.jpg?w=640&#038;ssl=1\" alt=\"Baie de Tokyo - 2003\" \/><br \/>\n<a href=\"http:\/\/www.megapixel.net\/cgi-bin\/fs_loader.pl?p=http%3A\/\/www.megapixel.net\/reviews\/nikon-cp5700\/cp5700-reviewf.html\" target=\"_blank\">Nikon Coolpix 5700<\/a><\/p>\n<h2>&#8211; 2004 &#8211;<\/h2>\n<p>Dans la gare de <a href=\"http:\/\/fr.wikipedia.org\/wiki\/Shinjuku\" target=\"_blank\">Shinjuku<\/a> (voir les balades sur <a href=\"http:\/\/www.color-lounge.com\" target=\"_blank\">le site<\/a> pour d\u00e9couvrir ce quartier), photo prise avec le bras le long du corps, sans viser! Encore au culot!<br \/>\n<img data-recalc-dims=\"1\" decoding=\"async\" src=\"https:\/\/i0.wp.com\/www.color-lounge.com\/blog\/wp-content\/uploads\/2007\/04\/2004.jpg?w=640&#038;ssl=1\" alt=\"Shinjuku - 2004\" \/><br \/>\nNikon Coolpix 5700<\/p>\n<p>&#8212;<\/p>\n<h2>&#8211; 2005 &#8211;<\/h2>\n<p>La premi\u00e8re ann\u00e9e o\u00f9 j&rsquo;ai fait des photos de studio avec tout <a href=\"http:\/\/www.color-lounge.com\/elinas\/matos\/matos_portrait.jpg\" target=\"_blank\">le mat\u00e9riel (chez moi)<\/a> (fond, lumi\u00e8re artificielle, r\u00e9flecteurs&#8230;) J&rsquo;ai (enfin!) compris que l&rsquo;\u00e9clairage \u00e9tait un probl\u00e8me \u00e9pineux qu&rsquo;il fallait un temps consid\u00e9rable avant de le ma\u00eetriser et d&rsquo;avoir la lumi\u00e8re qu&rsquo;on veut&#8230; Pour mes photos de studio, <a href=\"http:\/\/www.itsudemo.ath.cx\/portrait\/montage_mikie.jpg\" target=\"_blank\">Mikie<\/a> fut le premier mod\u00e8le.<br \/>\n<img data-recalc-dims=\"1\" decoding=\"async\" src=\"https:\/\/i0.wp.com\/www.color-lounge.com\/blog\/wp-content\/uploads\/2007\/04\/2005.jpg?w=640&#038;ssl=1\" alt=\"Mikie - 2005\" \/><br \/>\n<a href=\"http:\/\/www.megapixel.net\/reviews\/nikon-d70\/d70-genf.php\" target=\"_blank\">Nikon D70<\/a><\/p>\n<p>&#8212;<\/p>\n<h2>&#8211; 2006 &#8211;<\/h2>\n<p>Encore un panorama! son ambiance verte me fascine! Il s&rsquo;agit de mon ancien quartier. J&rsquo;ai pris cette photo juste avant mon d\u00e9m\u00e9nagement en septembre. Sur la droite au loin, les gratte-ciel sont ceux de Shinjuku. Assemblage de 26 photos et un angle de 160\u00b0 environ.<br \/>\n<img data-recalc-dims=\"1\" decoding=\"async\" src=\"https:\/\/i0.wp.com\/www.color-lounge.com\/blog\/wp-content\/uploads\/2007\/04\/2006.jpg?w=640&#038;ssl=1\" alt=\"Baie de Tokyo - 2003\" \/><br \/>\nNikon D70<\/p>\n<p>&#8212;<\/p>\n<h2>&#8211; 2007 &#8211;<\/h2>\n<p>Difficile de faire un choix puisque nous ne sommes m\u00eame pas \u00e0 la mi-ann\u00e9e&#8230; elle changera peut-\u00eatre celle-l\u00e0! Un jour, dans mon nouvel appart, un rayon passait par la fen\u00eatre et s&rsquo;\u00e9tait pos\u00e9 sur cette assiette blanche o\u00f9 s\u00e9journaient deux p\u00e2tes de fruits qui attendaient leur sort&#8230; j&rsquo;ai ensuite fait toute une s\u00e9rie de photo sur cette id\u00e9e.<br \/>\n<img data-recalc-dims=\"1\" decoding=\"async\" src=\"https:\/\/i0.wp.com\/www.color-lounge.com\/blog\/wp-content\/uploads\/2007\/04\/2007.jpg?w=640&#038;ssl=1\" alt=\"L'assiette - 2007\" \/><br \/>\nNikon D70<\/p>\n<p style=\"text-align: center;\"><a href=\"http:\/\/feedburner.google.com\/fb\/a\/mailverify?uri=ColorLounge&amp;loc=fr_FR\">Inscription au blog Color Lounge par email<\/a><\/p>\n","protected":false},"excerpt":{"rendered":"<p>ou histoire d&rsquo;en finir avec les anniversaires&#8230; (pour avril?) On peut dire que tout a commenc\u00e9 \u00e0 ce moment-l\u00e0&#8230; au d\u00e9but des ann\u00e9es 80, mais je ne sais plus exactement quelle ann\u00e9e. Mon p\u00e8re s&rsquo;en souviendrait-il? Il y avait les formats 126 et 110 lanc\u00e9s par Kodak, une r\u00e9volution! Cela d\u00e9mocratisa la photo en la [&hellip;]<\/p>\n","protected":false},"author":2,"featured_media":6308,"comment_status":"closed","ping_status":"closed","sticky":false,"template":"","format":"standard","meta":{"ngg_post_thumbnail":0,"jetpack_post_was_ever_published":false,"_jetpack_newsletter_access":"","_jetpack_dont_email_post_to_subs":false,"_jetpack_newsletter_tier_id":0,"_jetpack_memberships_contains_paywalled_content":false,"_jetpack_memberships_contains_paid_content":false,"footnotes":"","jetpack_publicize_message":"","jetpack_publicize_feature_enabled":true,"jetpack_social_post_already_shared":false,"jetpack_social_options":{"image_generator_settings":{"template":"highway","default_image_id":0,"font":"","enabled":false},"version":2}},"categories":[8],"tags":[2501,2489,2493],"class_list":["post-96","post","type-post","status-publish","format-standard","has-post-thumbnail","hentry","category-photographie","tag-cedric-riveau","tag-japon","tag-photographie"],"aioseo_notices":[],"jetpack_publicize_connections":[],"jetpack_featured_media_url":"https:\/\/i0.wp.com\/www.color-lounge.com\/blog\/wp-content\/uploads\/2007\/04\/nikon02.jpg?fit=375%2C375&ssl=1","jetpack_sharing_enabled":true,"jetpack_shortlink":"https:\/\/wp.me\/p5BAbw-1y","_links":{"self":[{"href":"https:\/\/www.color-lounge.com\/blog\/wp-json\/wp\/v2\/posts\/96","targetHints":{"allow":["GET"]}}],"collection":[{"href":"https:\/\/www.color-lounge.com\/blog\/wp-json\/wp\/v2\/posts"}],"about":[{"href":"https:\/\/www.color-lounge.com\/blog\/wp-json\/wp\/v2\/types\/post"}],"author":[{"embeddable":true,"href":"https:\/\/www.color-lounge.com\/blog\/wp-json\/wp\/v2\/users\/2"}],"replies":[{"embeddable":true,"href":"https:\/\/www.color-lounge.com\/blog\/wp-json\/wp\/v2\/comments?post=96"}],"version-history":[{"count":45,"href":"https:\/\/www.color-lounge.com\/blog\/wp-json\/wp\/v2\/posts\/96\/revisions"}],"predecessor-version":[{"id":6309,"href":"https:\/\/www.color-lounge.com\/blog\/wp-json\/wp\/v2\/posts\/96\/revisions\/6309"}],"wp:featuredmedia":[{"embeddable":true,"href":"https:\/\/www.color-lounge.com\/blog\/wp-json\/wp\/v2\/media\/6308"}],"wp:attachment":[{"href":"https:\/\/www.color-lounge.com\/blog\/wp-json\/wp\/v2\/media?parent=96"}],"wp:term":[{"taxonomy":"category","embeddable":true,"href":"https:\/\/www.color-lounge.com\/blog\/wp-json\/wp\/v2\/categories?post=96"},{"taxonomy":"post_tag","embeddable":true,"href":"https:\/\/www.color-lounge.com\/blog\/wp-json\/wp\/v2\/tags?post=96"}],"curies":[{"name":"wp","href":"https:\/\/api.w.org\/{rel}","templated":true}]}}