{"id":8153,"date":"2014-05-20T20:26:55","date_gmt":"2014-05-20T11:26:55","guid":{"rendered":"http:\/\/www.color-lounge.com\/blog\/?p=8153"},"modified":"2014-05-26T21:29:09","modified_gmt":"2014-05-26T12:29:09","slug":"portraits-davril-2014","status":"publish","type":"post","link":"https:\/\/www.color-lounge.com\/blog\/2014\/portraits-davril-2014\/","title":{"rendered":"Portraits d&rsquo;avril 2014"},"content":{"rendered":"<p>Ambiance <em>Gay pride<\/em> pour cette s\u00e9rie du mois d&rsquo;avril avec des portraits exclusivement pris lors de cet \u00e9v\u00e9nement le 27. S\u00e9rie de photo <em>\u00e0 la sauvette<\/em> dans ma <a title=\"Color Lounge\" href=\"https:\/\/www.color-lounge.com\/blog\/2014\/05\/photo-selection-davril-2\/\" target=\"_blank\">s\u00e9lection du mois<\/a>.<\/p>\n<p><img data-recalc-dims=\"1\" loading=\"lazy\" decoding=\"async\" data-attachment-id=\"8155\" data-permalink=\"https:\/\/www.color-lounge.com\/blog\/2014\/portraits-davril-2014\/dsc_0877\/#main\" data-orig-file=\"https:\/\/i0.wp.com\/www.color-lounge.com\/blog\/wp-content\/uploads\/2014\/05\/DSC_0877.jpg?fit=800%2C800&amp;ssl=1\" data-orig-size=\"800,800\" data-comments-opened=\"1\" data-image-meta=\"{&quot;aperture&quot;:&quot;0&quot;,&quot;credit&quot;:&quot;&quot;,&quot;camera&quot;:&quot;&quot;,&quot;caption&quot;:&quot;&quot;,&quot;created_timestamp&quot;:&quot;0&quot;,&quot;copyright&quot;:&quot;Cedric Riveau&quot;,&quot;focal_length&quot;:&quot;0&quot;,&quot;iso&quot;:&quot;0&quot;,&quot;shutter_speed&quot;:&quot;0&quot;,&quot;title&quot;:&quot;&quot;}\" data-image-title=\"Portraits de Tokyo\" data-image-description=\"\" data-image-caption=\"\" data-large-file=\"https:\/\/i0.wp.com\/www.color-lounge.com\/blog\/wp-content\/uploads\/2014\/05\/DSC_0877.jpg?fit=640%2C640&amp;ssl=1\" class=\"aligncenter size-full wp-image-8155\" src=\"https:\/\/i0.wp.com\/www.color-lounge.com\/blog\/wp-content\/uploads\/2014\/05\/DSC_0877.jpg?resize=640%2C640&#038;ssl=1\" alt=\"C\u00e9dric Riveau\" width=\"640\" height=\"640\" \/><br \/>\n\u25b2 Manabu, 32, vendeur &#8211; Yoyogi<br \/>\nPour la premi\u00e8re fois, je d\u00e9couvrais le stand de <a title=\"site officiel\" href=\"http:\/\/www.pants-ya.com\" target=\"_blank\">Toot<\/a> \u00e0 la <a title=\"site officiel\" href=\"http:\/\/en.tokyorainbowpride.com\" target=\"_blank\"><em>Rainbow pride<\/em><\/a>. Je confirmai un peu plus tard avec Manabu afin d&rsquo;\u00eatre s\u00fbr que je ne l&rsquo;avais pas manqu\u00e9 les ann\u00e9es pr\u00e9c\u00e9dentes. Pour cette troisi\u00e8me ann\u00e9e, cette marque de cale\u00e7ons que j&rsquo;aime tant avait donc d\u00e9cid\u00e9 de participer. Elle avait m\u00eame produit un <em>boxer<\/em> pour l&rsquo;occasion, tr\u00e8s arc-en-ciel. Cette pr\u00e9sence confirmait aussi ce que j&rsquo;avais imagin\u00e9 en achetant le premier il y a plusieurs ann\u00e9es, avec leurs couleurs vives et leur design particulier, le public principalement vis\u00e9 est la communaut\u00e9 gay.<br \/>\nJe commen\u00e7ais donc par discuter avec Manabu, j&rsquo;achetai ce fameux num\u00e9ro sp\u00e9cial avant de lui demander son portrait. En plus du cale\u00e7on, on avait le droit \u00e0 un \u00e9ventail qui affichait un code promotionnel, un sac sp\u00e9cial et le droit de lancer une roue qui crachait une boule de couleur qui d\u00e9signait un type de cadeau. J&rsquo;eus le droit \u00e0 un carnet.<br \/>\nPris dans l&rsquo;ambiance de l&rsquo;\u00e9v\u00e9nement, Manabu accepta avec plaisir. Pourtant\u00a0ce bonhomme costaud est assez timide et il n&rsquo;\u00e9tait pas gagn\u00e9 qu&rsquo;il eut accept\u00e9 dans d&rsquo;autres circonstances. Il souriait tout le temps et s&rsquo;amusait de la situation. Il \u00e9tait m\u00eame tr\u00e8s content que je lui demande son portrait et sa modestie le faisait rougir de plaisir. Il attrapa des \u00e9ventails suppl\u00e9mentaires afin d&rsquo;assurer sa promotion et se donner une contenance. Plac\u00e9 au milieu de l&rsquo;installation de la marque, il tournait le dos \u00e0 la table devant laquelle les gens achetaient le sous-v\u00eatement.<br \/>\nManabu travaille chez Toot depuis 8 ans. Lorsque je lui parlais de ma collection, il rit et comprit que je ne racontais pas des histoires comme ces personnes qui pr\u00e9tendent conna\u00eetre quelque chose. Je lui parlais surtout d&rsquo;un mod\u00e8le pr\u00e9cis, mon favori, le bleu avec des coutures jaunes et le <em>Adults only<\/em> \u00e9crit sur les fesses, aussi en jaune et avec une excellente police de caract\u00e8re. Manabu se souvint du mod\u00e8le et s&rsquo;en amusa. Je r\u00e9alisai ainsi que la marque sortait des mod\u00e8les chaque ann\u00e9e et renouvelait ainsi sa collection.<br \/>\nIl \u00e9tait sur place depuis 9 heures le matin et y passait la journ\u00e9e. Il \u00e9tait ravi de rencontrer des clients plus sp\u00e9cifiques, proches de lui et non pas dans un magasin comme il en avait l&rsquo;habitude.<br \/>\nManabu vient de Tochigi.<\/p>\n<p><img data-recalc-dims=\"1\" loading=\"lazy\" decoding=\"async\" data-attachment-id=\"8156\" data-permalink=\"https:\/\/www.color-lounge.com\/blog\/2014\/portraits-davril-2014\/dsc_0909\/#main\" data-orig-file=\"https:\/\/i0.wp.com\/www.color-lounge.com\/blog\/wp-content\/uploads\/2014\/05\/DSC_0909.jpg?fit=800%2C800&amp;ssl=1\" data-orig-size=\"800,800\" data-comments-opened=\"1\" data-image-meta=\"{&quot;aperture&quot;:&quot;0&quot;,&quot;credit&quot;:&quot;&quot;,&quot;camera&quot;:&quot;&quot;,&quot;caption&quot;:&quot;&quot;,&quot;created_timestamp&quot;:&quot;0&quot;,&quot;copyright&quot;:&quot;Cedric Riveau&quot;,&quot;focal_length&quot;:&quot;0&quot;,&quot;iso&quot;:&quot;0&quot;,&quot;shutter_speed&quot;:&quot;0&quot;,&quot;title&quot;:&quot;&quot;}\" data-image-title=\"Portraits de Tokyo\" data-image-description=\"\" data-image-caption=\"\" data-large-file=\"https:\/\/i0.wp.com\/www.color-lounge.com\/blog\/wp-content\/uploads\/2014\/05\/DSC_0909.jpg?fit=640%2C640&amp;ssl=1\" class=\"aligncenter size-full wp-image-8156\" src=\"https:\/\/i0.wp.com\/www.color-lounge.com\/blog\/wp-content\/uploads\/2014\/05\/DSC_0909.jpg?resize=640%2C640&#038;ssl=1\" alt=\"C\u00e9dric Riveau\" width=\"640\" height=\"640\" \/><br \/>\n\u25b2 Yuko, 32, maquilleuse &amp; manucure &#8211; Yoyogi<br \/>\nPas tr\u00e8s loin du stand de Toot, Yuko se tenait seule au milieu de la foule, \u00e0 c\u00f4t\u00e9 d&rsquo;un arbre. Certes son tatouage attira mon regard mais le fait qu&rsquo;elle ne semble pas press\u00e9e, qu&rsquo;elle attende quelqu&rsquo;un me poussa \u00e0 lui demander son portrait. Elle accepta aussit\u00f4t.<br \/>\nJe remarquai tr\u00e8s vite qu&rsquo;elle avait l&rsquo;habitude de poser \u00e0 sa fa\u00e7on de se tourner vers l&rsquo;objectif. Elle pr\u00e9sentait clairement le tatouage de son bras, presque trop de profil, comme si ce n&rsquo;\u00e9tait que cela qui m&rsquo;int\u00e9ressait. Sans doute lui avait-on demand\u00e9 plus d&rsquo;une fois une photographie de son bras gauche car il est vrai qu&rsquo;une femme avec une\u00a0d\u00e9coration corporelle aussi couvrante ne court pas les rues, du moins pour moi. Du coup, lorsque je lui demandai\u00a0de se mettre plus face \u00e0 moi, cela lui fit plaisir tout en la g\u00eanant pendant quelques dixi\u00e8mes de seconde, le temps qu&rsquo;elle s&rsquo;y fasse. Je me rendis compte tr\u00e8s rapidement par la suite que cela ne l&rsquo;avait pas emb\u00eat\u00e9e, qu&rsquo;elle n&rsquo;\u00e9tait pas du genre \u00e0 se prendre la t\u00eate, qu&rsquo;elle savait s&rsquo;adapter \u00e0 toutes les situations.<br \/>\nNous rest\u00e2mes un certain \u00e0 discuter, plus que je ne l&rsquo;aurais cru. Il s&rsquo;\u00e9tait cr\u00e9\u00e9 une certaine intimit\u00e9 qui nous r\u00e9unissait dans un int\u00e9r\u00eat commun. Jusqu&rsquo;\u00e0 ce que je lui demande si elle \u00e9tait homosexuelle, une certaine ambigu\u00eft\u00e9 r\u00e9gna quand \u00e0 notre pr\u00e9sence \u00e0 cette manifestation. Apr\u00e8s tout, nous \u00e9tions \u00e0 la gay pride et les h\u00e9t\u00e9rosexuels \u00e9taient en minorit\u00e9. Cependant, sa r\u00e9ponse \u00e0 ma question ne leva que partiellement le doute. Certes, elle avait \u00e9t\u00e9 mari\u00e9e, elle avait divorc\u00e9 mais elle ne m&rsquo;annon\u00e7a pas clairement qu&rsquo;elle n&rsquo;\u00e9tait pas lesbienne. J&rsquo;en d\u00e9duis qu&rsquo;elle \u00e9tait bisexuelle. Son divorce lui ne faisait aucun doute\u00a0: \u00ab\u00a0J&rsquo;ai <em>\u00e9t\u00e9<\/em> mari\u00e9e\u00a0!\u00a0\u00bb insista-t-elle. Non pas que les hommes ne l&rsquo;int\u00e9ressaient plus depuis son divorce mais que sans doute, elle \u00e9tait pass\u00e9e \u00e0 autre chose et l&rsquo;ambigu\u00eft\u00e9 qui existait entre nous montrait qu&rsquo;elle n&rsquo;avait pas non plus renonc\u00e9.<br \/>\nYuko attendait un ami qui travaillait pour un des stands qui se trouvaient juste \u00e0 c\u00f4t\u00e9 de nous, je ne sais plus lequel. Elle habite et travaille \u00e0 Okayama et se trouvait \u00e0 Tokyo pour voir des amis, pour quelques rendez-vous et pour la manifestation de la Rainbow pride. Je la f\u00e9licitais d&rsquo;avoir fait le d\u00e9placement pour cela et elle me f\u00e9licita de conna\u00eetre sa ville natale.<br \/>\nNous parl\u00e2mes alors de jardins et parcs car j&rsquo;avais visit\u00e9 le fameux <a title=\"site officiel\" href=\"http:\/\/www.okayama-korakuen.jp\/english\/\" target=\"_blank\">Korakuen<\/a>, un des trois plus beaux jardins du pays. Comme elle l&rsquo;aimait aussi beaucoup ainsi que\u00a0les jardins d&rsquo;une mani\u00e8re g\u00e9n\u00e9rale, je lui expliquais ceux que je pr\u00e9f\u00e9rais \u00e0 Tokyo pour voir si elle les connaissait. J&rsquo;insistais lourdement sur <a title=\"Site des parcs et jardins de Tokyo\" href=\"http:\/\/www.tokyo-park.or.jp\/english\/park\/detail_08.html#rikugien\" target=\"_blank\">Rikugien<\/a>, mon favori. Je sortis mon t\u00e9l\u00e9phone pour lui montrer sur l&rsquo;application de cartes o\u00f9 il se trouvait.<br \/>\n\u00c0 son tour, Yuko sortit son t\u00e9l\u00e9phone pour me montrer ses photographies. Pour illustrer son travail, elle me pr\u00e9senta des clich\u00e9s de mariages traditionnels dans Korakuen. En tant que maquilleuse, elle exer\u00e7ait ses talents dans une entreprise d&rsquo;organisation de mariages. Il y avait aussi plein de cerisiers et je l&rsquo;ai f\u00e9licit\u00e9e sur la qualit\u00e9 de son cadrage. Elle \u00e9tait contente et me confia son int\u00e9r\u00eat pour la photographie.<br \/>\nJ&rsquo;ai crois\u00e9 Yuko par la suite avec \u00e0 chaque fois, un geste de sa part pour me signaler sa pr\u00e9sence.<\/p>\n<p><img data-recalc-dims=\"1\" loading=\"lazy\" decoding=\"async\" data-attachment-id=\"8157\" data-permalink=\"https:\/\/www.color-lounge.com\/blog\/2014\/portraits-davril-2014\/dsc_0923\/#main\" data-orig-file=\"https:\/\/i0.wp.com\/www.color-lounge.com\/blog\/wp-content\/uploads\/2014\/05\/DSC_0923.jpg?fit=800%2C800&amp;ssl=1\" data-orig-size=\"800,800\" data-comments-opened=\"1\" data-image-meta=\"{&quot;aperture&quot;:&quot;0&quot;,&quot;credit&quot;:&quot;&quot;,&quot;camera&quot;:&quot;&quot;,&quot;caption&quot;:&quot;&quot;,&quot;created_timestamp&quot;:&quot;0&quot;,&quot;copyright&quot;:&quot;Cedric Riveau&quot;,&quot;focal_length&quot;:&quot;0&quot;,&quot;iso&quot;:&quot;0&quot;,&quot;shutter_speed&quot;:&quot;0&quot;,&quot;title&quot;:&quot;&quot;}\" data-image-title=\"Portraits de Tokyo\" data-image-description=\"\" data-image-caption=\"\" data-large-file=\"https:\/\/i0.wp.com\/www.color-lounge.com\/blog\/wp-content\/uploads\/2014\/05\/DSC_0923.jpg?fit=640%2C640&amp;ssl=1\" class=\"aligncenter size-full wp-image-8157\" src=\"https:\/\/i0.wp.com\/www.color-lounge.com\/blog\/wp-content\/uploads\/2014\/05\/DSC_0923.jpg?resize=640%2C640&#038;ssl=1\" alt=\"C\u00e9dric Riveau\" width=\"640\" height=\"640\" \/><br \/>\n\u25b2 Yoshiki, 46, pr\u00eatre &#8211; Yoyogi<br \/>\nPeut-\u00eatre l&rsquo;avais-je vu les ann\u00e9es pr\u00e9c\u00e9dentes, peut-\u00eatre non. Peut-\u00eatre avais-je oubli\u00e9. Toujours est-il que Yoshiki, comme moi venait depuis trois ans, depuis le d\u00e9but de l&rsquo;\u00e9v\u00e9nement.<br \/>\nIl fut n\u00e9anmoins plus difficile de discuter avec lui qu&rsquo;il ne le fut avec Manabu ou Yuko. L&rsquo;homme semblait tr\u00e8s occup\u00e9, entour\u00e9 de son \u00e9quipe, approch\u00e9 par de nombreuses personnes qui lui demandait d&rsquo;\u00eatre prises avec lui. Comme \u00e0 mon habitude, j&rsquo;attendais patiemment \u00e0 ses c\u00f4t\u00e9s un moment pour lui parler, pour en savoir un peu plus mais je me suis rendu compte que nous n&rsquo;avions pas grand chose \u00e0 nous dire. Peut-\u00eatre \u00e9tait-il pr\u00e9occup\u00e9 ou avait-il un programme \u00e0 suivre, une intervention \u00e0 faire.<br \/>\nIl me tendit la brochure de son \u00e9glise qui se trouve \u00e0 Shinjuku. Il s&rsquo;agit en fait d&rsquo;une congr\u00e9gation protestante qui accueille les homosexuels, les bisexuels et les transgenres. Il \u00e9tait pr\u00e9sent pour la promotion du mariage homosexuel qu&rsquo;il assure dans son temple tout en sachant qu&rsquo;il n&rsquo;est pas reconnu par les autorit\u00e9s au Japon.<br \/>\nYoshiki vient de Kanazawa et habite \u00e0 Tokyo depuis 25 ans. Il a \u00e9tudi\u00e9 \u00e0 Kobe. J&rsquo;ai bien essay\u00e9 de lui dire qu&rsquo;il avait nomm\u00e9 deux de mes villes pr\u00e9f\u00e9r\u00e9es du pays mais comme je l&rsquo;ai dit plus haut, il n&rsquo;\u00e9tait pas tellement dispos\u00e9 \u00e0 en parler.<\/p>\n<p><img data-recalc-dims=\"1\" loading=\"lazy\" decoding=\"async\" data-attachment-id=\"8158\" data-permalink=\"https:\/\/www.color-lounge.com\/blog\/2014\/portraits-davril-2014\/dsc_0951\/#main\" data-orig-file=\"https:\/\/i0.wp.com\/www.color-lounge.com\/blog\/wp-content\/uploads\/2014\/05\/DSC_0951.jpg?fit=800%2C800&amp;ssl=1\" data-orig-size=\"800,800\" data-comments-opened=\"1\" data-image-meta=\"{&quot;aperture&quot;:&quot;0&quot;,&quot;credit&quot;:&quot;&quot;,&quot;camera&quot;:&quot;&quot;,&quot;caption&quot;:&quot;&quot;,&quot;created_timestamp&quot;:&quot;0&quot;,&quot;copyright&quot;:&quot;Cedric Riveau&quot;,&quot;focal_length&quot;:&quot;0&quot;,&quot;iso&quot;:&quot;0&quot;,&quot;shutter_speed&quot;:&quot;0&quot;,&quot;title&quot;:&quot;&quot;}\" data-image-title=\"Portraits de Tokyo\" data-image-description=\"\" data-image-caption=\"\" data-large-file=\"https:\/\/i0.wp.com\/www.color-lounge.com\/blog\/wp-content\/uploads\/2014\/05\/DSC_0951.jpg?fit=640%2C640&amp;ssl=1\" class=\"aligncenter size-full wp-image-8158\" src=\"https:\/\/i0.wp.com\/www.color-lounge.com\/blog\/wp-content\/uploads\/2014\/05\/DSC_0951.jpg?resize=640%2C640&#038;ssl=1\" alt=\"C\u00e9dric Riveau\" width=\"640\" height=\"640\" \/><br \/>\n\u25b2 Yuki &amp; Hiroyuki, 32, salari\u00e9 &amp; v\u00eatement &#8211; Yoyogi<br \/>\nYuki \u00e9tait au t\u00e9l\u00e9phone. Elle t\u00e9l\u00e9phonait \u00e0 Hiroyuki pour lui demander o\u00f9 il se trouvait, pour lui indiquer o\u00f9 elle se trouvait. J&rsquo;attendais tranquillement \u00e0 c\u00f4t\u00e9 d&rsquo;elle qu&rsquo;elle d\u00e9croche l&rsquo;appareil de son oreille pour faire ma demande. Elle cria et leva les bras, dans toute son exub\u00e9rance en apercevant Hiroyuki qu&rsquo;elle avait rep\u00e9r\u00e9. J&rsquo;avais donc les deux pour le m\u00eame prix. Les deux d&rsquo;un genre bien diff\u00e9rent et pourtant tout aussi excentrique.<br \/>\nYuki assurait les d\u00e9cisions et Hiroyuki pouffait de rire dans des exag\u00e9rations mani\u00e9r\u00e9es. J&rsquo;eus beaucoup de mal \u00e0 les placer dans un endroit correct par rapport au soleil qui baignait l&rsquo;endroit. J&rsquo;eus pr\u00e9f\u00e9r\u00e9 un emplacement plus agr\u00e9able pour eux, pour moi, plus en ad\u00e9quation avec leurs tenues mais nous n&rsquo;avions pas le temps, ils couraient dans tous les sens pour je-ne-sais-quoi. Ils \u00e9taient amusants mais je n&rsquo;ai pas eu suffisamment de temps pour les d\u00e9couvrir. Ils eurent tout de m\u00eame le temps de me pr\u00e9ciser qu&rsquo;ils n&rsquo;\u00e9taient pas un couple mais des\u00a0amis.<\/p>\n","protected":false},"excerpt":{"rendered":"<p>Ambiance Gay pride pour cette s\u00e9rie du mois d&rsquo;avril avec des portraits exclusivement pris lors de cet \u00e9v\u00e9nement le 27. S\u00e9rie de photo \u00e0 la sauvette dans ma s\u00e9lection du mois. \u25b2 Manabu, 32, vendeur &#8211; Yoyogi Pour la premi\u00e8re fois, je d\u00e9couvrais le stand de Toot \u00e0 la Rainbow pride. Je confirmai un peu [&hellip;]<\/p>\n","protected":false},"author":2,"featured_media":8154,"comment_status":"open","ping_status":"open","sticky":false,"template":"","format":"standard","meta":{"ngg_post_thumbnail":0,"jetpack_post_was_ever_published":false,"_jetpack_newsletter_access":"","_jetpack_dont_email_post_to_subs":false,"_jetpack_newsletter_tier_id":0,"_jetpack_memberships_contains_paywalled_content":false,"_jetpack_memberships_contains_paid_content":false,"footnotes":"","jetpack_publicize_message":"","jetpack_publicize_feature_enabled":true,"jetpack_social_post_already_shared":false,"jetpack_social_options":{"image_generator_settings":{"template":"highway","default_image_id":0,"font":"","enabled":false},"version":2}},"categories":[1335],"tags":[2493,1338,1134,1969,2500,2581],"class_list":["post-8153","post","type-post","status-publish","format-standard","has-post-thumbnail","hentry","category-du-jour","tag-photographie","tag-portrait-du-jour-par-cedric-riveau","tag-portraits","tag-rainbow-pride-2","tag-tokyo","tag-yoyogi"],"aioseo_notices":[],"jetpack_publicize_connections":[],"jetpack_featured_media_url":"https:\/\/i0.wp.com\/www.color-lounge.com\/blog\/wp-content\/uploads\/2014\/05\/DSC_0923c.jpg?fit=600%2C800&ssl=1","jetpack_sharing_enabled":true,"jetpack_shortlink":"https:\/\/wp.me\/p5BAbw-27v","_links":{"self":[{"href":"https:\/\/www.color-lounge.com\/blog\/wp-json\/wp\/v2\/posts\/8153","targetHints":{"allow":["GET"]}}],"collection":[{"href":"https:\/\/www.color-lounge.com\/blog\/wp-json\/wp\/v2\/posts"}],"about":[{"href":"https:\/\/www.color-lounge.com\/blog\/wp-json\/wp\/v2\/types\/post"}],"author":[{"embeddable":true,"href":"https:\/\/www.color-lounge.com\/blog\/wp-json\/wp\/v2\/users\/2"}],"replies":[{"embeddable":true,"href":"https:\/\/www.color-lounge.com\/blog\/wp-json\/wp\/v2\/comments?post=8153"}],"version-history":[{"count":9,"href":"https:\/\/www.color-lounge.com\/blog\/wp-json\/wp\/v2\/posts\/8153\/revisions"}],"predecessor-version":[{"id":8168,"href":"https:\/\/www.color-lounge.com\/blog\/wp-json\/wp\/v2\/posts\/8153\/revisions\/8168"}],"wp:featuredmedia":[{"embeddable":true,"href":"https:\/\/www.color-lounge.com\/blog\/wp-json\/wp\/v2\/media\/8154"}],"wp:attachment":[{"href":"https:\/\/www.color-lounge.com\/blog\/wp-json\/wp\/v2\/media?parent=8153"}],"wp:term":[{"taxonomy":"category","embeddable":true,"href":"https:\/\/www.color-lounge.com\/blog\/wp-json\/wp\/v2\/categories?post=8153"},{"taxonomy":"post_tag","embeddable":true,"href":"https:\/\/www.color-lounge.com\/blog\/wp-json\/wp\/v2\/tags?post=8153"}],"curies":[{"name":"wp","href":"https:\/\/api.w.org\/{rel}","templated":true}]}}