{"id":7202,"date":"2014-01-12T15:20:29","date_gmt":"2014-01-12T06:20:29","guid":{"rendered":"http:\/\/www.color-lounge.com\/blog\/?p=7202"},"modified":"2014-01-18T22:29:32","modified_gmt":"2014-01-18T13:29:32","slug":"photo-selection-de-decembre","status":"publish","type":"post","link":"https:\/\/www.color-lounge.com\/blog\/2014\/photo-selection-de-decembre\/","title":{"rendered":"[photo] S\u00e9lection de d\u00e9cembre"},"content":{"rendered":"<p>Voici la s\u00e9lection de photographies de la fin de l&rsquo;ann\u00e9e 2013, juste avant mon d\u00e9part pour l&rsquo;Egypte.<\/p>\n<p>Je me suis procur\u00e9 le <a title=\"Sony France\" href=\"http:\/\/www.sony.fr\/product\/dsc-r-series\/dsc-rx100m2\" target=\"_blank\">Sony RX100II<\/a> afin d&rsquo;avoir un appareil compact de (tr\u00e8s) bonne qualit\u00e9 et de ne pas transporter un gros appareil reflex jusqu&rsquo;au pays des pharaons, d&rsquo;abord pour le poids et ensuite pour ne pas me faire trop remarquer.<br \/>\nAu bout d&rsquo;un mois, je commence \u00e0 ma\u00eetriser l&rsquo;engin. Cela m&rsquo;a pris du temps car il n&rsquo;est qu&rsquo;en japonais\u2026 les mod\u00e8les Sony vendus ici n&rsquo;ont pas d&rsquo;autres langues int\u00e9gr\u00e9es, ce qui est minablissime. Il y a bien la version \u00e0 l&rsquo;exportation dans le rayon hors taxe mais il est 15 % plus cher\u2026<br \/>\nReste que pour la taille, la b\u00eate fait tr\u00e8s bien son travail. Le piqu\u00e9 est bon, il est r\u00e9actif et enti\u00e8rement param\u00e9trable. Je me suis surpris \u00e0 utiliser le mode automatique intelligent qui est excellent \u00e0 bien des \u00e9gards !<br \/>\nCe qui m&rsquo;a d&rsquo;abord le plus surpris avec ce Sony, c&rsquo;est qu&rsquo;il travaille sur les clich\u00e9s de mani\u00e8re automatique, <em>une fois<\/em> la prise de vue r\u00e9alis\u00e9e, une chose que je n&rsquo;aime pas du tout bien s\u00fbr mais qui peut-\u00eatre bien pratique pour l&rsquo;amateur. On voit ainsi des photographies &#8211; par exemple des couchers de soleil &#8211; changer de couleurs \u00e0 l&rsquo;\u00e9cran, une micro-seconde apr\u00e8s leur affichage. Il est donc n\u00e9cessaire de reprendre la main sur tous les automatismes qui sont activ\u00e9s par d\u00e9faut.<br \/>\nPour moi qui passe mon temps \u00e0 faire des panoramas \u00e0 la main, la fonction int\u00e9gr\u00e9e est tout aussi <em>merdique<\/em> que sur tous les appareils qui le proposent. Cela peut \u00eatre bien pratique si vous ne savez pas en faire vous-m\u00eame mais pour ceux qui ont l&rsquo;habitude de les r\u00e9aliser manuellement, cette fonction automatique n&rsquo;a aucun int\u00e9r\u00eat. Vous en trouverez dans la galerie ci-dessous.<br \/>\nLe zoom est rapide m\u00eame s&rsquo;il est un peu court par rapport au <a title=\"Test chez Les Num\u00e9riques\" href=\"http:\/\/www.lesnumeriques.com\/appareil-photo-numerique\/panasonic-lumix-lx5-p9793\/test.html\" target=\"_blank\">Lumix LX5<\/a> que j&rsquo;utilisais avant. Son aspect compact et robuste ne permet pas d&rsquo;avoir suffisamment de boutons de r\u00e9glages imm\u00e9diats. Il faut passer par le menu mais en m\u00eame temps, s&rsquo;il tombe, il y a peu de chance qu&rsquo;il se casse. (Le mien s&rsquo;est d\u00e9j\u00e0 pris une gamelle en Egypte et il a \u00e9tonnamment r\u00e9sist\u00e9.)<br \/>\nL&rsquo;\u00e9cran orientable, maintenant que j&rsquo;ai pu le tester, je ne peux plus m&rsquo;en passer ! C&rsquo;est vraiment pratique !<\/p>\n<p>Pour la s\u00e9lection de d\u00e9cembre, je vous propose les derni\u00e8res feuilles d&rsquo;automne sur des fonds bleus magnifiques.<br \/>\nLa mamie en kimono a \u00e9t\u00e9 prise dans une brasserie fran\u00e7aise bien connue ici : <a title=\"Site officiel\" href=\"http:\/\/www.auxbacchanales.com\" target=\"_blank\">Aux Bacchanales<\/a>. Je trouvais assez cocasse de voir cette femme avec l&rsquo;habit traditionnel assise seule dans ce restaurant \u00e0 siroter une soupe \u00e0 l&rsquo;oignon.<br \/>\nPour les deux couchers de soleil, j&rsquo;ai eu beaucoup de chance. Il faut dire aussi que l&rsquo;hiver au Japon est la p\u00e9riode o\u00f9 la lumi\u00e8re est la plus belle et cela fait 12 ans que je m&rsquo;\u00e9merveille. La premi\u00e8re montre Shinjuku et la seconde le Mont Fuji pris depuis le toit de la tour Mori \u00e0 Roppongi Hills. Les couleurs sont \u00e0 couper le souffle !<br \/>\nPour mes photos <em>\u00e0 la sauvette<\/em>, je suis all\u00e9 \u00e0 Ebisu o\u00f9 les gens s&rsquo;attardait devant un sapin de No\u00ebl g\u00e9ant puis dans le parc de Ueno, lorsque je me suis rendu \u00e0 la sublimissime r\u00e9trospective de <a title=\"Wikipedia\" href=\"http:\/\/fr.wikipedia.org\/wiki\/Joseph_Mallord_William_Turner\" target=\"_blank\">Turner<\/a> au <a title=\"Site officiel\" href=\"http:\/\/www.tobikan.jp\" target=\"_blank\">Tokyo metropolitan art museum<\/a>.<\/p>\n<p>Les neuf premi\u00e8res photographies viennent du Sony. Celles \u00ab\u00a0\u00e0 la sauvette\u00a0\u00bb restent prises avec le Fuji X-Pro1.<br \/>\nngg_shortcode_0_placeholder<\/p>\n","protected":false},"excerpt":{"rendered":"<p>Voici la s\u00e9lection de photographies de la fin de l&rsquo;ann\u00e9e 2013, juste avant mon d\u00e9part pour l&rsquo;Egypte. Je me suis procur\u00e9 le Sony RX100II afin d&rsquo;avoir un appareil compact de (tr\u00e8s) bonne qualit\u00e9 et de ne pas transporter un gros appareil reflex jusqu&rsquo;au pays des pharaons, d&rsquo;abord pour le poids et ensuite pour ne pas [&hellip;]<\/p>\n","protected":false},"author":2,"featured_media":7204,"comment_status":"open","ping_status":"open","sticky":false,"template":"","format":"standard","meta":{"ngg_post_thumbnail":0,"jetpack_post_was_ever_published":false,"_jetpack_newsletter_access":"","_jetpack_dont_email_post_to_subs":false,"_jetpack_newsletter_tier_id":0,"_jetpack_memberships_contains_paywalled_content":false,"_jetpack_memberships_contains_paid_content":false,"footnotes":"","jetpack_publicize_message":"","jetpack_publicize_feature_enabled":true,"jetpack_social_post_already_shared":false,"jetpack_social_options":{"image_generator_settings":{"template":"highway","default_image_id":0,"font":"","enabled":false},"version":2}},"categories":[6,8],"tags":[1831,2489,1833,1802,2522,2500,1832],"class_list":["post-7202","post","type-post","status-publish","format-standard","has-post-thumbnail","hentry","category-japon","category-photographie","tag-ebisu-2","tag-japon","tag-mejiro-2","tag-rx100ii","tag-shinjuku","tag-tokyo","tag-ueno-2"],"aioseo_notices":[],"jetpack_publicize_connections":[],"jetpack_featured_media_url":"https:\/\/i0.wp.com\/www.color-lounge.com\/blog\/wp-content\/uploads\/2014\/01\/DSC00067_1.jpg?fit=600%2C800&ssl=1","jetpack_sharing_enabled":true,"jetpack_shortlink":"https:\/\/wp.me\/p5BAbw-1Sa","_links":{"self":[{"href":"https:\/\/www.color-lounge.com\/blog\/wp-json\/wp\/v2\/posts\/7202","targetHints":{"allow":["GET"]}}],"collection":[{"href":"https:\/\/www.color-lounge.com\/blog\/wp-json\/wp\/v2\/posts"}],"about":[{"href":"https:\/\/www.color-lounge.com\/blog\/wp-json\/wp\/v2\/types\/post"}],"author":[{"embeddable":true,"href":"https:\/\/www.color-lounge.com\/blog\/wp-json\/wp\/v2\/users\/2"}],"replies":[{"embeddable":true,"href":"https:\/\/www.color-lounge.com\/blog\/wp-json\/wp\/v2\/comments?post=7202"}],"version-history":[{"count":4,"href":"https:\/\/www.color-lounge.com\/blog\/wp-json\/wp\/v2\/posts\/7202\/revisions"}],"predecessor-version":[{"id":7251,"href":"https:\/\/www.color-lounge.com\/blog\/wp-json\/wp\/v2\/posts\/7202\/revisions\/7251"}],"wp:featuredmedia":[{"embeddable":true,"href":"https:\/\/www.color-lounge.com\/blog\/wp-json\/wp\/v2\/media\/7204"}],"wp:attachment":[{"href":"https:\/\/www.color-lounge.com\/blog\/wp-json\/wp\/v2\/media?parent=7202"}],"wp:term":[{"taxonomy":"category","embeddable":true,"href":"https:\/\/www.color-lounge.com\/blog\/wp-json\/wp\/v2\/categories?post=7202"},{"taxonomy":"post_tag","embeddable":true,"href":"https:\/\/www.color-lounge.com\/blog\/wp-json\/wp\/v2\/tags?post=7202"}],"curies":[{"name":"wp","href":"https:\/\/api.w.org\/{rel}","templated":true}]}}