{"id":6707,"date":"2013-07-20T22:09:28","date_gmt":"2013-07-20T13:09:28","guid":{"rendered":"http:\/\/www.color-lounge.com\/blog\/?p=6707"},"modified":"2013-08-11T15:22:24","modified_gmt":"2013-08-11T06:22:24","slug":"portraits-davril-2013","status":"publish","type":"post","link":"https:\/\/www.color-lounge.com\/blog\/2013\/portraits-davril-2013\/","title":{"rendered":"Portraits d&rsquo;avril 2013"},"content":{"rendered":"<p>Encore une longue s\u00e9rie pour le mois d&rsquo;avril avec des portraits de <a title=\"Color lounge\" href=\"https:\/\/www.color-lounge.com\/blog\/2013\/05\/souvenirs-de-hokkaido\/\" target=\"_blank\">Hokkaido<\/a>, de <a title=\"Wikipedia\" href=\"http:\/\/fr.wikipedia.org\/wiki\/Kyoto\" target=\"_blank\">Kyoto<\/a>, de <a title=\"Wikipedia\" href=\"http:\/\/fr.wikipedia.org\/wiki\/Yoshino_(Nara)\" target=\"_blank\">Yoshino<\/a>, de <a title=\"Wikipedia\" href=\"http:\/\/fr.wikipedia.org\/wiki\/Kawagoe\" target=\"_blank\">Kawagoe<\/a> et bien s\u00fbr de Tokyo.<\/p>\n<p><img data-recalc-dims=\"1\" loading=\"lazy\" decoding=\"async\" data-attachment-id=\"6709\" data-permalink=\"https:\/\/www.color-lounge.com\/blog\/2013\/portraits-davril-2013\/dscf2275\/#main\" data-orig-file=\"https:\/\/i0.wp.com\/www.color-lounge.com\/blog\/wp-content\/uploads\/2013\/06\/DSCF2275.jpg?fit=800%2C800&amp;ssl=1\" data-orig-size=\"800,800\" data-comments-opened=\"1\" data-image-meta=\"{&quot;aperture&quot;:&quot;0&quot;,&quot;credit&quot;:&quot;&quot;,&quot;camera&quot;:&quot;&quot;,&quot;caption&quot;:&quot;&quot;,&quot;created_timestamp&quot;:&quot;0&quot;,&quot;copyright&quot;:&quot;&quot;,&quot;focal_length&quot;:&quot;0&quot;,&quot;iso&quot;:&quot;0&quot;,&quot;shutter_speed&quot;:&quot;0&quot;,&quot;title&quot;:&quot;&quot;}\" data-image-title=\"DSCF2275\" data-image-description=\"\" data-image-caption=\"\" data-large-file=\"https:\/\/i0.wp.com\/www.color-lounge.com\/blog\/wp-content\/uploads\/2013\/06\/DSCF2275.jpg?fit=640%2C640&amp;ssl=1\" class=\"aligncenter size-full wp-image-6709\" alt=\"DSCF2275\" src=\"https:\/\/i0.wp.com\/www.color-lounge.com\/blog\/wp-content\/uploads\/2013\/06\/DSCF2275.jpg?resize=640%2C640&#038;ssl=1\" width=\"640\" height=\"640\" \/><br \/>\n\u25b2 1er avril &#8211; Kimura san, 58 ans, boulanger &#8211; Hakodate<br \/>\nEn d\u00e9but de matin\u00e9e, apr\u00e8s avoir r\u00e9gl\u00e9 la note \u00e0 l&rsquo;h\u00f4tel, Cyril et moi avons cherch\u00e9 une boulangerie. Une envie de pain. Comme \u00e7a. Incompressible. Entre l&rsquo;h\u00f4tel et le fameux mont Hakodate, nous avons trouv\u00e9 le magasin \u00e0 l&rsquo;angle d&rsquo;un carrefour. Nous nous sommes retrouv\u00e9s dans une de ces boulangeries japonaises typiques, sans chichi, avec des paniers en osier qui pr\u00e9sentent les diff\u00e9rents pains\/viennoiseries. Au d\u00e9but, j&rsquo;ai eu un peu peur d&rsquo;\u00eatre dans un de ces lieux qui fabriquent des pains \u00e0 mi-chemin entre le pain au lait et le pain viennois aussi ai-je vis\u00e9 en priorit\u00e9 des viennoiseries dont l&rsquo;aspect me paraissait app\u00e9tissant. Comme je sympathisais d\u00e9j\u00e0 avec une des vendeuses, j&rsquo;en profitais pour lui demander si la boutique \u00e9tait ancienne et qui \u00e9tait le responsable des fourneaux. Elle m&rsquo;a d\u00e9sign\u00e9 Kimura san qui manipulait ses pr\u00e9parations devant ses fourneaux \u00e0 travers la baie vitr\u00e9e qui s\u00e9parait l&rsquo;espace pour les clients du reste. Voyant sa bonne t\u00eate, je me suis permis de passer la mienne par la porte ouverte \u00e0 c\u00f4t\u00e9 pour lui demander son portrait s&rsquo;il n&rsquo;\u00e9tait pas trop occup\u00e9. J&rsquo;ai r\u00e9ussi \u00e0 faire la photographie entre deux fourn\u00e9es alors qu&rsquo;il effectuait des rotations entre les fours et les espaces de travail. La situation l&rsquo;amusa. Pendant qu&rsquo;il manipulait les pains br\u00fblants avec ses gros gants, il m&rsquo;a expliqu\u00e9 son histoire.<br \/>\nBoulanger, il l&rsquo;est depuis qu&rsquo;il a 21 ans. Il a commenc\u00e9 comme vendeur. Il est venu dans cette boulangerie pour y travailler, comme vendeur puis comme pr\u00e9parateur 30 ans auparavant. Lorsque l&rsquo;ancien propri\u00e9taire a pris sa retraite, Kimura san a souhait\u00e9 continuer et il a rachet\u00e9 l&rsquo;endroit. Les autres employ\u00e9s se sont mis \u00e0 \u00e9couter avec moi car il d\u00e9couvrait l&rsquo;histoire de leur employeur, ce qui ne manqua pas de m&rsquo;\u00e9tonner.<br \/>\nUne fois nos achats effectu\u00e9s, nous sommes retourn\u00e9s dans la voiture gar\u00e9e en double file. Je n&rsquo;ai pas pu m&#8217;emp\u00eacher de les go\u00fbter aussit\u00f4t et de les appr\u00e9cier bien plus que je ne l&rsquo;avais cru au premier abord. Apr\u00e8s cela, je me suis pr\u00e9cipit\u00e9 de nouveau dans la boulangerie pour passer la porte et lancer un bruyant cri de satisfaction \u00e0 Kimura san afin de lui signifier combien j&rsquo;avais aim\u00e9 ses productions. Cela lui fit tr\u00e8s plaisir.<\/p>\n<p><img data-recalc-dims=\"1\" loading=\"lazy\" decoding=\"async\" data-attachment-id=\"6710\" data-permalink=\"https:\/\/www.color-lounge.com\/blog\/2013\/portraits-davril-2013\/dscf2276\/#main\" data-orig-file=\"https:\/\/i0.wp.com\/www.color-lounge.com\/blog\/wp-content\/uploads\/2013\/06\/DSCF2276.jpg?fit=800%2C800&amp;ssl=1\" data-orig-size=\"800,800\" data-comments-opened=\"1\" data-image-meta=\"{&quot;aperture&quot;:&quot;0&quot;,&quot;credit&quot;:&quot;&quot;,&quot;camera&quot;:&quot;&quot;,&quot;caption&quot;:&quot;&quot;,&quot;created_timestamp&quot;:&quot;0&quot;,&quot;copyright&quot;:&quot;&quot;,&quot;focal_length&quot;:&quot;0&quot;,&quot;iso&quot;:&quot;0&quot;,&quot;shutter_speed&quot;:&quot;0&quot;,&quot;title&quot;:&quot;&quot;}\" data-image-title=\"DSCF2276\" data-image-description=\"\" data-image-caption=\"\" data-large-file=\"https:\/\/i0.wp.com\/www.color-lounge.com\/blog\/wp-content\/uploads\/2013\/06\/DSCF2276.jpg?fit=640%2C640&amp;ssl=1\" class=\"aligncenter size-full wp-image-6710\" alt=\"DSCF2276\" src=\"https:\/\/i0.wp.com\/www.color-lounge.com\/blog\/wp-content\/uploads\/2013\/06\/DSCF2276.jpg?resize=640%2C640&#038;ssl=1\" width=\"640\" height=\"640\" \/><br \/>\n\u25b2 1er avril &#8211; Minako, 16 ans, lyc\u00e9enne &#8211; Hakodate<br \/>\nDans le b\u00e2timent historique de la pr\u00e9fecture de Hakodate, il est possible aux visiteurs d&rsquo;enfiler un costume d&rsquo;\u00e9poque pendant une demi-heure et ainsi de profiter de l&rsquo;endroit avec une robe ou un costume comme on en porte qu&rsquo;une fois dans sa vie. La s\u00e9ance de maquillage est comprise. \u00c0\u00a0peine entr\u00e9, j&rsquo;ai remarqu\u00e9 Minako au bout du couloir et me suis pr\u00e9cipit\u00e9 \u00e0 sa rencontre pour voir de quoi il s&rsquo;agissait. Le temps que j&rsquo;arrive, elle \u00e9tait d\u00e9j\u00e0 mont\u00e9 avec ses parents dans la salle de bal, la salle avec la terrasse qui donne sur la ville, la terrasse o\u00f9 chacun fait une photo souvenir. Elle n&rsquo;avait pas froid. Malgr\u00e9 sa timidit\u00e9, je pouvais lire sur son visage un bonheur tint\u00e9 de fiert\u00e9 gr\u00e2ce \u00e0 cette robe qu&rsquo;elle portait. Comme elle n&rsquo;avait que 16 ans, j&rsquo;ai aussi demand\u00e9 \u00e0 ses parents la permission de faire son portrait. Ils \u00e9taient venus en famille \u00e0 Hokkaido. Ils habitent \u00e0 Yokohama et n&rsquo;\u00e9taient l\u00e0 que pour quelques jours. Minako avait choisi sa robe d&rsquo;un coup d&rsquo;\u0153il car celle-ci l&rsquo;avait appel\u00e9e d\u00e8s qu&rsquo;elle l&rsquo;avait vue. Je me suis approch\u00e9 pour observer cet habit compliqu\u00e9 et charg\u00e9 et je lui ai demand\u00e9 si cela n&rsquo;\u00e9tait pas trop lourd. Elle me dit que oui.<\/p>\n<p><img data-recalc-dims=\"1\" loading=\"lazy\" decoding=\"async\" data-attachment-id=\"6711\" data-permalink=\"https:\/\/www.color-lounge.com\/blog\/2013\/portraits-davril-2013\/dscf2279\/#main\" data-orig-file=\"https:\/\/i0.wp.com\/www.color-lounge.com\/blog\/wp-content\/uploads\/2013\/06\/DSCF2279.jpg?fit=800%2C800&amp;ssl=1\" data-orig-size=\"800,800\" data-comments-opened=\"1\" data-image-meta=\"{&quot;aperture&quot;:&quot;0&quot;,&quot;credit&quot;:&quot;&quot;,&quot;camera&quot;:&quot;&quot;,&quot;caption&quot;:&quot;&quot;,&quot;created_timestamp&quot;:&quot;0&quot;,&quot;copyright&quot;:&quot;&quot;,&quot;focal_length&quot;:&quot;0&quot;,&quot;iso&quot;:&quot;0&quot;,&quot;shutter_speed&quot;:&quot;0&quot;,&quot;title&quot;:&quot;&quot;}\" data-image-title=\"DSCF2279\" data-image-description=\"\" data-image-caption=\"\" data-large-file=\"https:\/\/i0.wp.com\/www.color-lounge.com\/blog\/wp-content\/uploads\/2013\/06\/DSCF2279.jpg?fit=640%2C640&amp;ssl=1\" class=\"aligncenter size-full wp-image-6711\" alt=\"DSCF2279\" src=\"https:\/\/i0.wp.com\/www.color-lounge.com\/blog\/wp-content\/uploads\/2013\/06\/DSCF2279.jpg?resize=640%2C640&#038;ssl=1\" width=\"640\" height=\"640\" \/><br \/>\n\u25b2 1er avril &#8211; Eiko, la soixantaine, femme au foyer &#8211; Hakodate<br \/>\nApr\u00e8s Minako, je suis redescendu pour visiter le premier \u00e9tage du b\u00e2timent. Lors de la visite du second \u00e9tage, dans cette m\u00eame salle de bal, Eiko est arriv\u00e9e avec son mari. Elle semblait encore plus heureuse que Minako de porter un tel costume. Elle avait souhait\u00e9 quelque chose de plus sobre mais avait du coup plus froid que la jeune lyc\u00e9enne. J&rsquo;ai plaisant\u00e9 avec son mari en lui demandant si je pouvais lui voler sa femme pour faire une photographie improbable dans cette salle parfaitement adapt\u00e9e pour la situation. Comme avec Minako, il ne manquait que le quatuor qui effectuait quelques partitions pour se croire transport\u00e9 au XIXe si\u00e8cle. Dans cette salle, les gens comme son mari ou moi \u00e9tions les anachronismes inadapt\u00e9s \u00e0 l&rsquo;environnement. Il a ri a m&rsquo;a pri\u00e9 de faire le meilleur portrait possible de sa jolie femme.<br \/>\nEiko ne travaille pas, elle est femme au foyer. Elle vient d&rsquo;Osaka ce qui me surprit car \u00e0 aucun moment je n&rsquo;avais remarqu\u00e9 son accent du Kansai. Hasard des rencontres, ils habitaient la r\u00e9gion de Kanagawa, comme Minako. Eiko et son mari visitait Hakodate pour la premi\u00e8re fois et ils semblaient beaucoup appr\u00e9cier leur voyage.<\/p>\n<p><img data-recalc-dims=\"1\" loading=\"lazy\" decoding=\"async\" data-attachment-id=\"6712\" data-permalink=\"https:\/\/www.color-lounge.com\/blog\/2013\/portraits-davril-2013\/dscf2281\/#main\" data-orig-file=\"https:\/\/i0.wp.com\/www.color-lounge.com\/blog\/wp-content\/uploads\/2013\/06\/DSCF2281.jpg?fit=800%2C800&amp;ssl=1\" data-orig-size=\"800,800\" data-comments-opened=\"1\" data-image-meta=\"{&quot;aperture&quot;:&quot;0&quot;,&quot;credit&quot;:&quot;&quot;,&quot;camera&quot;:&quot;&quot;,&quot;caption&quot;:&quot;&quot;,&quot;created_timestamp&quot;:&quot;0&quot;,&quot;copyright&quot;:&quot;&quot;,&quot;focal_length&quot;:&quot;0&quot;,&quot;iso&quot;:&quot;0&quot;,&quot;shutter_speed&quot;:&quot;0&quot;,&quot;title&quot;:&quot;&quot;}\" data-image-title=\"DSCF2281\" data-image-description=\"\" data-image-caption=\"\" data-large-file=\"https:\/\/i0.wp.com\/www.color-lounge.com\/blog\/wp-content\/uploads\/2013\/06\/DSCF2281.jpg?fit=640%2C640&amp;ssl=1\" class=\"aligncenter size-full wp-image-6712\" alt=\"DSCF2281\" src=\"https:\/\/i0.wp.com\/www.color-lounge.com\/blog\/wp-content\/uploads\/2013\/06\/DSCF2281.jpg?resize=640%2C640&#038;ssl=1\" width=\"640\" height=\"640\" \/><br \/>\n\u25b2 1er avril &#8211; Noriko, 63 ans, femme au foyer &#8211; Hakodate<br \/>\nLuttant contre un vent vif qui balayait les rues historiques de Hakodate, Noriko rentrait chez elle, vent debout, son sac \u00e0 provisions dans la main gauche. Il d\u00e9gageait d&rsquo;elle une grande aura positive rayonnante qui m&rsquo;a tout de suite donn\u00e9 envie de lui parler, interrompant brutalement ma conversation avec Cyril. Ma demande l&rsquo;a \u00e9tonn\u00e9e de mani\u00e8re proportionnel au fait que je lui parle, non seulement en japonais mais pour autre chose que mon chemin. Au d\u00e9but donc, tout en me parlant avec ce magnifique sourire, elle se m\u00e9fiait et ne souhaitait pas trop communiquer. Curieusement, elle avait accept\u00e9 son portrait mais pas beaucoup plus. Au fur et \u00e0 mesure de la discussion, devant mon enthousiasme et mon v\u00e9ritable int\u00e9r\u00eat pour sa personne, elle se d\u00e9tendit et se laissa aller. Des informations d\u00e9livr\u00e9es d&rsquo;abord au compte gouttes, j&rsquo;ai fini par noter son adresse postale sous son \u0153il validateur afin de lui envoyer la photographie lorsque j&rsquo;aurai le temps. Alors qu&rsquo;elle avait prononc\u00e9 son pr\u00e9nom du bout des l\u00e8vres peu de temps apr\u00e8s le portrait, elle me donnait son nom de famille, les caract\u00e8res chinois pour l&rsquo;\u00e9crire correctement et son code postal. Cyril nous regardait tr\u00e8s amus\u00e9 de la situation et d\u00e9couvrait une nouvelle fois comment je travaillais avec mes mod\u00e8les. Petit \u00e0 petit donc, elle s&rsquo;est confi\u00e9e \u00e0 nous et le paroxysme fut atteint lorsque je lui annon\u00e7ais que nous \u00e9tions fran\u00e7ais. Noriko avait appris ma langue au lyc\u00e9e et n&rsquo;en avait gard\u00e9 que des bribes d\u00e9cousues. Toujours est-il qu&rsquo;elle raconta une anecdote qui fit sourire. Elle avait cru que \u00ab\u00a0Je vous aime\u00a0\u00bb \u00e9tait une salutation et l&rsquo;avait prononc\u00e9 \u00e0 plusieurs reprises devant des Fran\u00e7ais. Voyant leurs r\u00e9actions, elle avait fini par demander ce qui se passait et r\u00e9alisa cette adorable m\u00e9prise. Son professeur lui avait aussi enseign\u00e9 des chansons qu&rsquo;elle n&rsquo;osa pas nous r\u00e9citer, trop d&rsquo;ann\u00e9es s&rsquo;\u00e9tant \u00e9coul\u00e9e depuis la derni\u00e8re fois.<br \/>\nNous nous sommes quitt\u00e9s avec de grands gestes, comme des voisins qui ne s&rsquo;\u00e9taient pas crois\u00e9s depuis quelque temps.<\/p>\n<p><img data-recalc-dims=\"1\" loading=\"lazy\" decoding=\"async\" data-attachment-id=\"6713\" data-permalink=\"https:\/\/www.color-lounge.com\/blog\/2013\/portraits-davril-2013\/dscf2283\/#main\" data-orig-file=\"https:\/\/i0.wp.com\/www.color-lounge.com\/blog\/wp-content\/uploads\/2013\/06\/DSCF2283.jpg?fit=800%2C800&amp;ssl=1\" data-orig-size=\"800,800\" data-comments-opened=\"1\" data-image-meta=\"{&quot;aperture&quot;:&quot;0&quot;,&quot;credit&quot;:&quot;&quot;,&quot;camera&quot;:&quot;&quot;,&quot;caption&quot;:&quot;&quot;,&quot;created_timestamp&quot;:&quot;0&quot;,&quot;copyright&quot;:&quot;&quot;,&quot;focal_length&quot;:&quot;0&quot;,&quot;iso&quot;:&quot;0&quot;,&quot;shutter_speed&quot;:&quot;0&quot;,&quot;title&quot;:&quot;&quot;}\" data-image-title=\"DSCF2283\" data-image-description=\"\" data-image-caption=\"\" data-large-file=\"https:\/\/i0.wp.com\/www.color-lounge.com\/blog\/wp-content\/uploads\/2013\/06\/DSCF2283.jpg?fit=640%2C640&amp;ssl=1\" class=\"aligncenter size-full wp-image-6713\" alt=\"DSCF2283\" src=\"https:\/\/i0.wp.com\/www.color-lounge.com\/blog\/wp-content\/uploads\/2013\/06\/DSCF2283.jpg?resize=640%2C640&#038;ssl=1\" width=\"640\" height=\"640\" \/><br \/>\n\u25b2 2 avril &#8211; Masahiro, 38 ans, bento &#8211; Sapporo<br \/>\nUn homme tout en carreaux, sur un triporteur, je ne voulais pas le rater. Gr\u00e2ce au feu rouge, je l&rsquo;aper\u00e7us sur le trottoir d&rsquo;en face qui attendait de pouvoir traverser ce petit carrefour derri\u00e8re l&rsquo;ancien si\u00e8ge du gouvernement de Sapporo et j&rsquo;ai attendu qu&rsquo;il arrive pour l&rsquo;arr\u00eater en plein \u00e9lan. Masahiro transportait des <em>bento<\/em>, plein de <em>bento<\/em> et se rendait \u00e0 son lieu de vente un peu plus loin, en plein centre-ville, avec des immeubles qui n&rsquo;allaient pas tarder \u00e0 d\u00e9verser des hordes de salari\u00e9s en qu\u00eate de quoi se restaurer pour le d\u00e9jeuner. Masahiro lui resterait sur place jusqu&rsquo;\u00e0 \u00e9puisement de son stock et apparemment, cela ne durait jamais tr\u00e8s longtemps.<br \/>\nIl y a cinq ans, il a lanc\u00e9 son propre magasin et en plus de la vente sur place, il se d\u00e9place donc avec son triporteur \u00e0 la rencontre des clients. En hiver, alors que les rues de la pr\u00e9fecture de Hokkaido sont recouvertes de neige, il vient \u00e0 pied. Il travaille donc toute l&rsquo;ann\u00e9e. En ce tout d\u00e9but avril, s&rsquo;il y avait encore de gros cong\u00e8res de neige salis par des milliers de pots d&rsquo;\u00e9chappement, les rues \u00e9taient tout \u00e0 fait praticable et il avait donc retrouv\u00e9 son v\u00e9lo encombrant depuis peu. Masahiro est sp\u00e9cialis\u00e9 dans les <em>bento<\/em> bio, avec des produits s\u00e9lectionn\u00e9s pour cela, du riz complet, etc. Il n&rsquo;a pas soulev\u00e9 le tissus qui recouvrait les plats mais \u00e0 le voir, \u00e0 son beau visage recouvert d&rsquo;une peau ferme et rougi par le froid, on se disait que ce qu&rsquo;il pr\u00e9parait devait \u00eatre go\u00fbteux et s\u00fbrement bon pour la sant\u00e9. Son magasin s&rsquo;appelle <em>Chimu Chimu<\/em>.<br \/>\nMasahiro est n\u00e9 \u00e0 Sapporo et y habite depuis 38 ans.<\/p>\n<p><img data-recalc-dims=\"1\" loading=\"lazy\" decoding=\"async\" data-attachment-id=\"6714\" data-permalink=\"https:\/\/www.color-lounge.com\/blog\/2013\/portraits-davril-2013\/dscf2284\/#main\" data-orig-file=\"https:\/\/i0.wp.com\/www.color-lounge.com\/blog\/wp-content\/uploads\/2013\/06\/DSCF2284.jpg?fit=800%2C800&amp;ssl=1\" data-orig-size=\"800,800\" data-comments-opened=\"1\" data-image-meta=\"{&quot;aperture&quot;:&quot;0&quot;,&quot;credit&quot;:&quot;&quot;,&quot;camera&quot;:&quot;&quot;,&quot;caption&quot;:&quot;&quot;,&quot;created_timestamp&quot;:&quot;0&quot;,&quot;copyright&quot;:&quot;&quot;,&quot;focal_length&quot;:&quot;0&quot;,&quot;iso&quot;:&quot;0&quot;,&quot;shutter_speed&quot;:&quot;0&quot;,&quot;title&quot;:&quot;&quot;}\" data-image-title=\"DSCF2284\" data-image-description=\"\" data-image-caption=\"\" data-large-file=\"https:\/\/i0.wp.com\/www.color-lounge.com\/blog\/wp-content\/uploads\/2013\/06\/DSCF2284.jpg?fit=640%2C640&amp;ssl=1\" class=\"aligncenter size-full wp-image-6714\" alt=\"DSCF2284\" src=\"https:\/\/i0.wp.com\/www.color-lounge.com\/blog\/wp-content\/uploads\/2013\/06\/DSCF2284.jpg?resize=640%2C640&#038;ssl=1\" width=\"640\" height=\"640\" \/><br \/>\n\u25b2 2 avril &#8211; Koji &amp; Reina, 19 ans, \u00e9tudiants &#8211; Sapporo<br \/>\n\u00c0\u00a0la sortie du caf\u00e9\/salon de th\u00e9 o\u00f9 j&rsquo;ai fait <a title=\"Color Lounge\" href=\"https:\/\/www.color-lounge.com\/blog\/2013\/05\/souvenirs-de-hokkaido\/\" target=\"_blank\">mon orgie de flans<\/a>, j&rsquo;ai tout de suite vu ce couple adorable. Koji faisait d&rsquo;abord la moue devant cette demande incongrue, un peu rapide et je dus expliquer mes intentions un peu plus calmement pour obtenir ce que je voulais. Ils \u00e9taient tous deux en vacances et se promenaient tranquillement dans le centre de Sapporo. Koji \u00e9tait en science de l&rsquo;\u00e9ducation et Reina en coiffure. Ce qui m&rsquo;a plu dans leur tenue, c&rsquo;est ce c\u00f4t\u00e9 Harajuku avec une petite note diff\u00e9rente, un quelque chose qui faisait qu&rsquo;on y \u00e9tait pas tout en essayant d&rsquo;y \u00eatre le plus proche possible. Ils sont n\u00e9s tous les deux \u00e0 Hokkaido, \u00e0 Nemuro que je ne connais pas. Ils vivent \u00e0 Sapporo depuis qu&rsquo;ils sont entr\u00e9s \u00e0 l&rsquo;universit\u00e9.<\/p>\n<p><img data-recalc-dims=\"1\" loading=\"lazy\" decoding=\"async\" data-attachment-id=\"6715\" data-permalink=\"https:\/\/www.color-lounge.com\/blog\/2013\/portraits-davril-2013\/dscf2313\/#main\" data-orig-file=\"https:\/\/i0.wp.com\/www.color-lounge.com\/blog\/wp-content\/uploads\/2013\/06\/DSCF2313.jpg?fit=800%2C800&amp;ssl=1\" data-orig-size=\"800,800\" data-comments-opened=\"1\" data-image-meta=\"{&quot;aperture&quot;:&quot;0&quot;,&quot;credit&quot;:&quot;&quot;,&quot;camera&quot;:&quot;&quot;,&quot;caption&quot;:&quot;&quot;,&quot;created_timestamp&quot;:&quot;0&quot;,&quot;copyright&quot;:&quot;&quot;,&quot;focal_length&quot;:&quot;0&quot;,&quot;iso&quot;:&quot;0&quot;,&quot;shutter_speed&quot;:&quot;0&quot;,&quot;title&quot;:&quot;&quot;}\" data-image-title=\"DSCF2313\" data-image-description=\"\" data-image-caption=\"\" data-large-file=\"https:\/\/i0.wp.com\/www.color-lounge.com\/blog\/wp-content\/uploads\/2013\/06\/DSCF2313.jpg?fit=640%2C640&amp;ssl=1\" class=\"aligncenter size-full wp-image-6715\" alt=\"DSCF2313\" src=\"https:\/\/i0.wp.com\/www.color-lounge.com\/blog\/wp-content\/uploads\/2013\/06\/DSCF2313.jpg?resize=640%2C640&#038;ssl=1\" width=\"640\" height=\"640\" \/><br \/>\n\u25b2 2 avril &#8211; Aoi &amp; Ayaka, 21 &amp; 20 ans, hosto &#8211; Sapporo<br \/>\nJ&rsquo;ai tr\u00e8s peu discut\u00e9 avec eux. Il faut dire que ce genre de personnage ne fait que jouer un r\u00f4le \u00e0 longueur de temps et il devient difficile \u00e0 discerner ce qui est vrai de ce qui est invent\u00e9 pour la personne avec laquelle il discute, comme cela doit le devenir pour eux apr\u00e8s un certain temps \u00e0 inventer des histoires. Je me trouvais dans cette fameuse <a title=\"Color lounge\" href=\"https:\/\/www.color-lounge.com\/blog\/2013\/05\/souvenirs-de-hokkaido\/\" target=\"_blank\">rue commer\u00e7ante pi\u00e9tonni\u00e8re<\/a> et aux alentours de cette salle de jeux, il y avait une faune fascinante. Apr\u00e8s le c\u00f4t\u00e9 Harajuku de Tokyo avec Koji et Reina, je me retrouvais au milieu d&rsquo;un pseudo Kabukicho de Shinjuku avec des h\u00f4tes et des h\u00f4tesses tous aussi fascinants les uns que les autres. Comme je voulais aller aux toilettes, je suis entr\u00e9 dans la salle de jeux o\u00f9 j&rsquo;ai trouv\u00e9 Aoi et Ayaka en pleine discussion. Aoi a d&rsquo;abord jou\u00e9 la star en faisant l&rsquo;idiot, en acceptant \u00e0 condition qu&rsquo;il soit de dos ou qu&rsquo;il se cache le visage&#8230; La n\u00e9gociation fut difficile tout comme l&rsquo;obtention d&rsquo;informations personnelles par la suite. Si j&rsquo;ai pu faire la photographie, c&rsquo;est principalement gr\u00e2ce \u00e0 Ayaka.<\/p>\n<p><img data-recalc-dims=\"1\" loading=\"lazy\" decoding=\"async\" data-attachment-id=\"6716\" data-permalink=\"https:\/\/www.color-lounge.com\/blog\/2013\/portraits-davril-2013\/dscf2316\/#main\" data-orig-file=\"https:\/\/i0.wp.com\/www.color-lounge.com\/blog\/wp-content\/uploads\/2013\/06\/DSCF2316.jpg?fit=800%2C800&amp;ssl=1\" data-orig-size=\"800,800\" data-comments-opened=\"1\" data-image-meta=\"{&quot;aperture&quot;:&quot;0&quot;,&quot;credit&quot;:&quot;&quot;,&quot;camera&quot;:&quot;&quot;,&quot;caption&quot;:&quot;&quot;,&quot;created_timestamp&quot;:&quot;0&quot;,&quot;copyright&quot;:&quot;&quot;,&quot;focal_length&quot;:&quot;0&quot;,&quot;iso&quot;:&quot;0&quot;,&quot;shutter_speed&quot;:&quot;0&quot;,&quot;title&quot;:&quot;&quot;}\" data-image-title=\"DSCF2316\" data-image-description=\"\" data-image-caption=\"\" data-large-file=\"https:\/\/i0.wp.com\/www.color-lounge.com\/blog\/wp-content\/uploads\/2013\/06\/DSCF2316.jpg?fit=640%2C640&amp;ssl=1\" class=\"aligncenter size-full wp-image-6716\" alt=\"DSCF2316\" src=\"https:\/\/i0.wp.com\/www.color-lounge.com\/blog\/wp-content\/uploads\/2013\/06\/DSCF2316.jpg?resize=640%2C640&#038;ssl=1\" width=\"640\" height=\"640\" \/><br \/>\n\u25b2 2 avril &#8211; Yoshida san, 42 ans, vendeur &#8211; Sapporo<br \/>\nDans un guide japonais, j&rsquo;ai rep\u00e9r\u00e9 une vieille boutique de briquets, toujours dans cette rue commer\u00e7ante. Nous \u00e9tions pass\u00e9 la veille mais un peu trop tard et elle \u00e9tait malheureusement d\u00e9j\u00e0 ferm\u00e9e. Ce fut partie remise le jour suivant car mon intuition me disait qu&rsquo;il fallait s&rsquo;y rendre. Je ne m&rsquo;\u00e9tais pas tromp\u00e9. Lorsque nous avons pouss\u00e9 le battant droit de cette tr\u00e8s vieille double porte en bois, on p\u00e9n\u00e9trait dans la caverne d&rsquo;Ali Baba. Il y avait bien quelques briquets juste \u00e0 droite, sur le comptoir de la caisse mais tout le reste \u00e9tait un m\u00e9lim\u00e9lo d&rsquo;objets en tout genre, impossible \u00e0 d\u00e9finir. Deux \u00ab\u00a0hosts\u00a0\u00bb entr\u00e8rent derri\u00e8re nous pour acheter des briquets et se mirent \u00e0 fumer dans le magasin ! Apr\u00e8s un inventaire rapide des m\u00e9andres du magasin, je finis par apercevoir Yoshida san, tel un ours dans sa tani\u00e8re. Il \u00e9tait occup\u00e9 \u00e0 r\u00e9parer je ne sais plus quoi. J&rsquo;attendis un peu que le nombre de visiteurs\/clients diminue pour lui proposer de le prendre en photographie \u00e0 l&rsquo;int\u00e9rieur. L&rsquo;endroit \u00e9tait plut\u00f4t populaire et r\u00e9f\u00e9renc\u00e9 dans plus d&rsquo;un guide car il y avait m\u00eame quatre Chinois qui \u00ab\u00a0visitaient\u00a0\u00bb.<br \/>\nYoshida san accepta avec plaisir et me demanda o\u00f9 il devait se mettre. J&rsquo;avais cru qu&rsquo;il \u00e9tait le patron de cette boutique \u00e9tonnante mais il n&rsquo;en \u00e9tait rien. Le propri\u00e9taire n&rsquo;\u00e9tait pas l\u00e0 car il venait surtout le soir et il le regrettait car il me promit qu&rsquo;il \u00e9tait dix fois plus int\u00e9ressant que lui. Comme Yoshida san voyait mon int\u00e9r\u00eat pour le lieu, il m&rsquo;invita \u00e0 observer les photographies qui se trouvait derri\u00e8re le comptoir en face de la caisse. Ebahi, je d\u00e9couvrais de vieux clich\u00e9s en noir et blanc d&rsquo;un pilote, d&rsquo;un destroyer, d&rsquo;un chasseur z\u00e9ro&#8230; L&rsquo;homme avait \u00e9t\u00e9 un pilote de guerre ! Il avait plus de 80 ans m&rsquo;expliqua Yoshida san sans pouvoir tr\u00e8s bien d\u00e9finir son \u00e2ge avec exactitude. Le magasin lui avait 110 ans, mine de rien&#8230; Yoshida san lui y travaillait depuis d\u00e9j\u00e0 30 ans. L\u00e0 aussi, mine de rien. Il m&rsquo;expliqua que le magasin \u00e9tait bien sp\u00e9cialis\u00e9 dans les briquets ainsi que dans les pistolets&#8230; Il n&rsquo;y avait en fait qu&rsquo;une partie des briquets expos\u00e9s. Les objets de collection \u00e9taient ailleurs et \u00e9taient visibles via un catalogue.<\/p>\n<p><img data-recalc-dims=\"1\" loading=\"lazy\" decoding=\"async\" data-attachment-id=\"6717\" data-permalink=\"https:\/\/www.color-lounge.com\/blog\/2013\/portraits-davril-2013\/dscf2319\/#main\" data-orig-file=\"https:\/\/i0.wp.com\/www.color-lounge.com\/blog\/wp-content\/uploads\/2013\/06\/DSCF2319.jpg?fit=800%2C800&amp;ssl=1\" data-orig-size=\"800,800\" data-comments-opened=\"1\" data-image-meta=\"{&quot;aperture&quot;:&quot;0&quot;,&quot;credit&quot;:&quot;&quot;,&quot;camera&quot;:&quot;&quot;,&quot;caption&quot;:&quot;&quot;,&quot;created_timestamp&quot;:&quot;0&quot;,&quot;copyright&quot;:&quot;&quot;,&quot;focal_length&quot;:&quot;0&quot;,&quot;iso&quot;:&quot;0&quot;,&quot;shutter_speed&quot;:&quot;0&quot;,&quot;title&quot;:&quot;&quot;}\" data-image-title=\"DSCF2319\" data-image-description=\"\" data-image-caption=\"\" data-large-file=\"https:\/\/i0.wp.com\/www.color-lounge.com\/blog\/wp-content\/uploads\/2013\/06\/DSCF2319.jpg?fit=640%2C640&amp;ssl=1\" class=\"aligncenter size-full wp-image-6717\" alt=\"DSCF2319\" src=\"https:\/\/i0.wp.com\/www.color-lounge.com\/blog\/wp-content\/uploads\/2013\/06\/DSCF2319.jpg?resize=640%2C640&#038;ssl=1\" width=\"640\" height=\"640\" \/><br \/>\n\u25b2 2 avril &#8211; Yuka &amp; Yuichi, 30 &amp; 31 ans, freeters &#8211; Sapporo<br \/>\nMon regard tomba sur ce couple au dernier moment alors que nous \u00e9tions en train d&rsquo;atteindre la fin de la galerie commer\u00e7ante. J&rsquo;ai tourn\u00e9 les talons d&rsquo;un coup pour aller les voir en les contournant et ne pas les surprendre par derri\u00e8re. \u00ab\u00a0Mais qu&rsquo;est-ce qu&rsquo;il nous veut celui-l\u00e0 ?\u00a0\u00bb exprimaient-ils sur leur visage. Je parvins \u00e0 les d\u00e9tendre et ils finirent par accepter. Tous deux viennent de Sapporo et cherchaient un restaurant pour le d\u00e9jeuner. Ils ne savaient pas tr\u00e8s bien o\u00f9 ils iraient et choisiraient un lieu qui les inspireraient.<br \/>\nIls viennent tous les deux de Sapporo et travaillent comme <em>freeters<\/em>. Leur franchise m&rsquo;\u00e9tonna. Lors de mes portraits, j&rsquo;ai d\u00fb en croiser plus d&rsquo;un et ceux qui devaient l&rsquo;\u00eatre &#8211; sans que j&rsquo;en suis certain donc &#8211; avaient une r\u00e9ponse \u00e9vasive sur leur profession. Cette situation instable de petits boulots cumul\u00e9s fait partie de celle qu&rsquo;on n&rsquo;avoue pas aussi facilement. Soit ils \u00e9taient parfaitement d\u00e9complex\u00e9s par rapport \u00e0 cela, soit on en faisait pas toute une histoire du c\u00f4t\u00e9 de Hokkaido. Je ne le sais pas. Du coup, je connaissais leur situation professionnelle bien plus que leur m\u00e9tier car <em>freeters<\/em> ne d\u00e9signe rien de particulier. Je n&rsquo;insistais pas.<br \/>\nJe me mis aussi \u00e0 parler du festival de la neige dans leur ville en janvier ce qui les amusa. Ils ne semblaient pas plus int\u00e9ress\u00e9s que cela, ils me disaient que c&rsquo;\u00e9tait sans doute \u00e0 voir une fois dans sa vie mais que cela suffisait. Ils me pr\u00e9cis\u00e8rent aussi avec un sourire qu&rsquo;il ne fallait pas que j&rsquo;ai peur du froid.<\/p>\n<p><img data-recalc-dims=\"1\" loading=\"lazy\" decoding=\"async\" data-attachment-id=\"6718\" data-permalink=\"https:\/\/www.color-lounge.com\/blog\/2013\/portraits-davril-2013\/dscf2320\/#main\" data-orig-file=\"https:\/\/i0.wp.com\/www.color-lounge.com\/blog\/wp-content\/uploads\/2013\/06\/DSCF2320.jpg?fit=800%2C800&amp;ssl=1\" data-orig-size=\"800,800\" data-comments-opened=\"1\" data-image-meta=\"{&quot;aperture&quot;:&quot;0&quot;,&quot;credit&quot;:&quot;&quot;,&quot;camera&quot;:&quot;&quot;,&quot;caption&quot;:&quot;&quot;,&quot;created_timestamp&quot;:&quot;0&quot;,&quot;copyright&quot;:&quot;&quot;,&quot;focal_length&quot;:&quot;0&quot;,&quot;iso&quot;:&quot;0&quot;,&quot;shutter_speed&quot;:&quot;0&quot;,&quot;title&quot;:&quot;&quot;}\" data-image-title=\"DSCF2320\" data-image-description=\"\" data-image-caption=\"\" data-large-file=\"https:\/\/i0.wp.com\/www.color-lounge.com\/blog\/wp-content\/uploads\/2013\/06\/DSCF2320.jpg?fit=640%2C640&amp;ssl=1\" class=\"aligncenter size-full wp-image-6718\" alt=\"DSCF2320\" src=\"https:\/\/i0.wp.com\/www.color-lounge.com\/blog\/wp-content\/uploads\/2013\/06\/DSCF2320.jpg?resize=640%2C640&#038;ssl=1\" width=\"640\" height=\"640\" \/><br \/>\n\u25b2 2 avril &#8211; Tamae, 25 ans, r\u00e9ception &#8211; Sapporo<br \/>\nApr\u00e8s avoir parcouru le hall et des couloirs afin de trouver l&rsquo;acc\u00e8s \u00e0 la tour JR de la gare, nous sommes parvenus \u00e0 l&rsquo;accueil o\u00f9 Tamae et sa coll\u00e8gue renseignaient et faisaient payer les visiteurs qui voulaient monter jusqu&rsquo;au 38e \u00e9tage. Lorsqu&rsquo;elle s&rsquo;est lev\u00e9e pour nous accueillir, j&rsquo;ai vu le graphisme de l&rsquo;uniforme qui n&rsquo;a pas manqu\u00e9 de me frapper. Aussit\u00f4t l&rsquo;argent d\u00e9pos\u00e9 pour payer les billets, je lui ai demand\u00e9 son portrait ce qu&rsquo;il l&rsquo;a fait beaucoup rire. Sa coll\u00e8gue aussi. Je voulais la prendre depuis l&rsquo;angle des visiteurs mais on ne voyait pas assez sa robe. Je suis donc carr\u00e9ment pass\u00e9 derri\u00e8re mais je n&rsquo;avais pas le recul que je voulais. J&rsquo;ai tout de m\u00eame fait la photo. Tamae est salari\u00e9e depuis 3 ans, apr\u00e8s l&rsquo;universit\u00e9 et aime beaucoup son travail. Il lui permet de voir et de discuter avec des milliers de personnes chaque ann\u00e9e.<\/p>\n<p><img data-recalc-dims=\"1\" loading=\"lazy\" decoding=\"async\" data-attachment-id=\"6719\" data-permalink=\"https:\/\/www.color-lounge.com\/blog\/2013\/portraits-davril-2013\/dscf2344\/#main\" data-orig-file=\"https:\/\/i0.wp.com\/www.color-lounge.com\/blog\/wp-content\/uploads\/2013\/06\/DSCF2344.jpg?fit=800%2C800&amp;ssl=1\" data-orig-size=\"800,800\" data-comments-opened=\"1\" data-image-meta=\"{&quot;aperture&quot;:&quot;0&quot;,&quot;credit&quot;:&quot;&quot;,&quot;camera&quot;:&quot;&quot;,&quot;caption&quot;:&quot;&quot;,&quot;created_timestamp&quot;:&quot;0&quot;,&quot;copyright&quot;:&quot;&quot;,&quot;focal_length&quot;:&quot;0&quot;,&quot;iso&quot;:&quot;0&quot;,&quot;shutter_speed&quot;:&quot;0&quot;,&quot;title&quot;:&quot;&quot;}\" data-image-title=\"DSCF2344\" data-image-description=\"\" data-image-caption=\"\" data-large-file=\"https:\/\/i0.wp.com\/www.color-lounge.com\/blog\/wp-content\/uploads\/2013\/06\/DSCF2344.jpg?fit=640%2C640&amp;ssl=1\" class=\"aligncenter size-full wp-image-6719\" alt=\"DSCF2344\" src=\"https:\/\/i0.wp.com\/www.color-lounge.com\/blog\/wp-content\/uploads\/2013\/06\/DSCF2344.jpg?resize=640%2C640&#038;ssl=1\" width=\"640\" height=\"640\" \/><br \/>\n\u25b2 3 avril &#8211; Saori, 22 ans, \u00e9tudiante &#8211; Narita<br \/>\nSaori \u00e9tait \u00e0 c\u00f4t\u00e9 de nous dans l&rsquo;avion. J&rsquo;avais rep\u00e9r\u00e9 les regards de Cyril vers la miss si bien que lorsque je suis revenu des toilettes peu de temps apr\u00e8s le d\u00e9collage, j&rsquo;ai entam\u00e9 la discussion avec elle en la d\u00e9rangeant pour acc\u00e9der \u00e0 mon si\u00e8ge. Cyril qui se trouvait \u00e0 sa gauche continua la conversation et m&rsquo;ignora tout le reste du vol&#8230; Il n&#8217;emp\u00eache, au moment de d\u00e9barquer, je lui ai propos\u00e9 de faire son portrait dans les couloirs de Narita ce qu&rsquo;elle accepta volontiers.<br \/>\nSaori vient de Sapporo et rentrait de vacances pour retourner \u00e0 l&rsquo;universit\u00e9. Elle habite \u00e0 Saitama o\u00f9 elle fait aussi des \u00e9tudes en soins infirmiers, en deuxi\u00e8me ann\u00e9e. Nous parlions donc avec une future infirmi\u00e8re et je lui dis tout le bien et le respect que je voue \u00e0 cette profession. Elle rougit un peu, par modestie ainsi que par fiert\u00e9 devant mon r\u00e9el enthousiasme pour son ambition et son courage. Elle vit donc seule et cela lui pla\u00eet bien. Elle cuisine pour elle, principalement des l\u00e9gumes car elle adore \u00e7a. \u00c0\u00a0la sortie de la fac, elle aimerait s&rsquo;installer \u00e0 Tokyo o\u00f9 \u00e0 Saitama mais rien n&rsquo;est encore d\u00e9cid\u00e9. Comme pour sa sp\u00e9cialit\u00e9. Elle \u00e9tait donc contente de retourner chez elle apr\u00e8s un long retour chez ses parents. Le prochain \u00e9tait pr\u00e9vu pour d\u00e9cembre mais elle se demandait en m\u00eame temps si elle n&rsquo;allait pas rentrer pour la <em>Golden week<\/em>.<br \/>\nNous avons aussi parl\u00e9 de Niseko qu&rsquo;elle conna\u00eet et o\u00f9 elle est d\u00e9j\u00e0 all\u00e9e, en \u00e9t\u00e9 comme en hiver. Dans la capitale, elle aime sortir avec ses amis et va souvent \u00e0 Shinjuku. Je lui ai dit que j&rsquo;esp\u00e9rais bien la croiser un jour, moi qui passais aussi mon temps dans ce grand quartier de Tokyo.<\/p>\n<p><img data-recalc-dims=\"1\" loading=\"lazy\" decoding=\"async\" data-attachment-id=\"6720\" data-permalink=\"https:\/\/www.color-lounge.com\/blog\/2013\/portraits-davril-2013\/dscf2352\/#main\" data-orig-file=\"https:\/\/i0.wp.com\/www.color-lounge.com\/blog\/wp-content\/uploads\/2013\/06\/DSCF2352.jpg?fit=800%2C800&amp;ssl=1\" data-orig-size=\"800,800\" data-comments-opened=\"1\" data-image-meta=\"{&quot;aperture&quot;:&quot;0&quot;,&quot;credit&quot;:&quot;&quot;,&quot;camera&quot;:&quot;&quot;,&quot;caption&quot;:&quot;&quot;,&quot;created_timestamp&quot;:&quot;0&quot;,&quot;copyright&quot;:&quot;&quot;,&quot;focal_length&quot;:&quot;0&quot;,&quot;iso&quot;:&quot;0&quot;,&quot;shutter_speed&quot;:&quot;0&quot;,&quot;title&quot;:&quot;&quot;}\" data-image-title=\"DSCF2352\" data-image-description=\"\" data-image-caption=\"\" data-large-file=\"https:\/\/i0.wp.com\/www.color-lounge.com\/blog\/wp-content\/uploads\/2013\/06\/DSCF2352.jpg?fit=640%2C640&amp;ssl=1\" class=\"aligncenter size-full wp-image-6720\" alt=\"DSCF2352\" src=\"https:\/\/i0.wp.com\/www.color-lounge.com\/blog\/wp-content\/uploads\/2013\/06\/DSCF2352.jpg?resize=640%2C640&#038;ssl=1\" width=\"640\" height=\"640\" \/><br \/>\n\u25b2 5 avril &#8211; Ayaka et sa m\u00e8re, 23 ans &amp; ?, \u00e9tudiante et femme au foyer &#8211; jardin de Rikugien<br \/>\nLa petite famille se baladait dans ce magnifique parc que je faisais d\u00e9couvrir \u00e0 maman le jour de son arriv\u00e9e \u00e0 Tokyo. Ayaka en <em>kimono<\/em> avec sa m\u00e8re et son p\u00e8re. Le p\u00e8re \u00e9tait en tenue de ville mais ses deux femmes v\u00eatues d&rsquo;un blanc immacul\u00e9 se rep\u00e9raient de loin, surtout au milieu de cette verdure caract\u00e9ristique des jardins japonais traditionnels. Tous trois c\u00e9l\u00e9braient un \u00e9v\u00e9nement. Ayaka avait termin\u00e9 son premier cycle d&rsquo;\u00e9tudes sup\u00e9rieures et venait d&rsquo;apprendre le r\u00e9sultat. Elle venait aussi de savoir qu&rsquo;elle \u00e9tait accept\u00e9 en second cycle et s&rsquo;appr\u00eatait donc \u00e0 pr\u00e9parer un master en histoire de l&rsquo;art italien. J&rsquo;\u00e9tais bien \u00e9videmment impressionn\u00e9. Ils \u00e9taient tous les trois charmants et ils se sont int\u00e9ress\u00e9s \u00e0 nous autant que nous \u00e0 eux. Nous parl\u00e2mes aussi du jardin qu&rsquo;Ayaka aimait beaucoup et qu&rsquo;elle avait sp\u00e9cialement choisi pour ce jour.<br \/>\nJe fis tout d&rsquo;abord le portrait d&rsquo;Ayaka seule mais je me dis rapidement que la maman serait aussi tr\u00e8s heureuse de poser pour moi avec sa fille. Bien \u00e9videmment, elle r\u00e9agit d&rsquo;abord de mani\u00e8re n\u00e9gative en disant qu&rsquo;il ne fallait pas g\u00e2cher la photographie avec une mamie sans int\u00e9r\u00eat ce que je contredis aussit\u00f4t, jeu de politesse japonaise o\u00f9 les gens se minimisent. J&rsquo;ai fait parvenir par la suite les deux photographies \u00e0 Ayaka et nous avons \u00e9chang\u00e9 quelques courriels depuis.<\/p>\n<p><img data-recalc-dims=\"1\" loading=\"lazy\" decoding=\"async\" data-attachment-id=\"6721\" data-permalink=\"https:\/\/www.color-lounge.com\/blog\/2013\/portraits-davril-2013\/dscf2386\/#main\" data-orig-file=\"https:\/\/i0.wp.com\/www.color-lounge.com\/blog\/wp-content\/uploads\/2013\/06\/DSCF2386.jpg?fit=800%2C800&amp;ssl=1\" data-orig-size=\"800,800\" data-comments-opened=\"1\" data-image-meta=\"{&quot;aperture&quot;:&quot;0&quot;,&quot;credit&quot;:&quot;&quot;,&quot;camera&quot;:&quot;&quot;,&quot;caption&quot;:&quot;&quot;,&quot;created_timestamp&quot;:&quot;0&quot;,&quot;copyright&quot;:&quot;&quot;,&quot;focal_length&quot;:&quot;0&quot;,&quot;iso&quot;:&quot;0&quot;,&quot;shutter_speed&quot;:&quot;0&quot;,&quot;title&quot;:&quot;&quot;}\" data-image-title=\"DSCF2386\" data-image-description=\"\" data-image-caption=\"\" data-large-file=\"https:\/\/i0.wp.com\/www.color-lounge.com\/blog\/wp-content\/uploads\/2013\/06\/DSCF2386.jpg?fit=640%2C640&amp;ssl=1\" class=\"aligncenter size-full wp-image-6721\" alt=\"DSCF2386\" src=\"https:\/\/i0.wp.com\/www.color-lounge.com\/blog\/wp-content\/uploads\/2013\/06\/DSCF2386.jpg?resize=640%2C640&#038;ssl=1\" width=\"640\" height=\"640\" \/><br \/>\n\u25b2 7 avril &#8211; Kono san, 83 ans, retrait\u00e9 &#8211; Kyoto<br \/>\nAu milieu des touristes, des amoureux, des Occidentaux et des fl\u00e2neurs qui se promenaient sous les derni\u00e8res fleurs de cerisiers du <a title=\"Wikipedia\" href=\"http:\/\/fr.wikipedia.org\/wiki\/Promenade_du_philosophe_(Kyoto)\" target=\"_blank\">chemin des philosophes<\/a>, Kono san promenait son chien microscopique \u00e0 la gueule d\u00e9form\u00e9e. Tout aussi \u00e2g\u00e9 que son ma\u00eetre, la b\u00eate avait la canine gauche qui d\u00e9passait et cela lui donnait un air abruti qui la rendait presque sympathique. Deux choses \u00e9tonn\u00e8rent l&rsquo;homme : ma demande et mon japonais. Il me fallut l&rsquo;apprivoiser, expliquer qui j&rsquo;\u00e9tais, ce que je faisais, d&rsquo;o\u00f9 je venais pour qu&rsquo;il finisse par accepter. L&rsquo;homme qui avait l&rsquo;air ferm\u00e9 au d\u00e9but se d\u00e9tendit au fur et \u00e0 mesure de la conversation et me gratifia d&rsquo;un sourire pour la photographie dont je n&rsquo;aurais jamais suppos\u00e9 l&rsquo;existence au premier abord.<br \/>\nIl \u00e9tait \u00e0 la retraite depuis longtemps. Kono san avait travaill\u00e9 toute sa vie dans l&rsquo;import-export et avait fait de nombreux voyages d&rsquo;affaires en Europe et aux Etats-Unis. Il lui en restait des bribes de fran\u00e7ais et d&rsquo;anglais qu&rsquo;il m\u00e9langeait avec son japonais d\u00e8s qu&rsquo;il pouvait. Cela rendait la compr\u00e9hension parfois d\u00e9licate mais apr\u00e8s avoir pris le rythme, je parvenais \u00e0 le suivre. Il semblait heureux de pouvoir utiliser des langues \u00e9trang\u00e8res dont le fran\u00e7ais. Il \u00e9tait n\u00e9 \u00e0 Tokyo mais avait fait ses \u00e9tudes \u00e0 l&rsquo;universit\u00e9 de Kyoto, tr\u00e8s r\u00e9put\u00e9e, ce qu&rsquo;il ne manqua pas de me faire remarquer afin de montrer \u00e0 qui j&rsquo;avais affaire. Kono san n&rsquo;avait pas la langue dans sa poche et c&rsquo;est aussi cela qui me pl\u00fbt. Apr\u00e8s ses \u00e9tudes, il s&rsquo;\u00e9tait install\u00e9 dans l&rsquo;ancienne capitale nippone et n&rsquo;avait plus aucune attache avec l&rsquo;actuelle. Il vivait dans un quartier bien sympathique o\u00f9 il \u00e9tait tr\u00e8s agr\u00e9able de se promener, ce qu&rsquo;il faisait tous les jours ou presque.<br \/>\nPendant la seconde guerre mondiale, il avait \u00e9t\u00e9 cadet et par chance n&rsquo;avait pas \u00e9t\u00e9 bless\u00e9.<\/p>\n<p><img data-recalc-dims=\"1\" loading=\"lazy\" decoding=\"async\" data-attachment-id=\"6722\" data-permalink=\"https:\/\/www.color-lounge.com\/blog\/2013\/portraits-davril-2013\/dscf2389\/#main\" data-orig-file=\"https:\/\/i0.wp.com\/www.color-lounge.com\/blog\/wp-content\/uploads\/2013\/06\/DSCF2389.jpg?fit=800%2C800&amp;ssl=1\" data-orig-size=\"800,800\" data-comments-opened=\"1\" data-image-meta=\"{&quot;aperture&quot;:&quot;0&quot;,&quot;credit&quot;:&quot;&quot;,&quot;camera&quot;:&quot;&quot;,&quot;caption&quot;:&quot;&quot;,&quot;created_timestamp&quot;:&quot;0&quot;,&quot;copyright&quot;:&quot;&quot;,&quot;focal_length&quot;:&quot;0&quot;,&quot;iso&quot;:&quot;0&quot;,&quot;shutter_speed&quot;:&quot;0&quot;,&quot;title&quot;:&quot;&quot;}\" data-image-title=\"DSCF2389\" data-image-description=\"\" data-image-caption=\"\" data-large-file=\"https:\/\/i0.wp.com\/www.color-lounge.com\/blog\/wp-content\/uploads\/2013\/06\/DSCF2389.jpg?fit=640%2C640&amp;ssl=1\" class=\"aligncenter size-full wp-image-6722\" alt=\"DSCF2389\" src=\"https:\/\/i0.wp.com\/www.color-lounge.com\/blog\/wp-content\/uploads\/2013\/06\/DSCF2389.jpg?resize=640%2C640&#038;ssl=1\" width=\"640\" height=\"640\" \/><br \/>\n\u25b2 7 avril &#8211; Nana &amp; Taka, 28 ans, pu\u00e9ricultrice et infirmier &#8211; Kyoto<br \/>\nSimplement parce qu&rsquo;ils \u00e9taient tous deux en <em>kimono<\/em>, je les ai arr\u00eat\u00e9s pour les prendre en photo alors qu&rsquo;ils \u00e9taient sur ce petit pont qui enjambait la petite rivi\u00e8re du chemin des philosophes. Ils se prenaient en photographie \u00e0 bout de bras. Ils \u00e9taient arriv\u00e9s de Tokyo le matin m\u00eame et restaient \u00e0 Kyoto pour trois jours. Comme ils m&rsquo;ont sembl\u00e9 plus jeunes que 28 ans, lorsqu&rsquo;ils me dirent qu&rsquo;ils \u00e9taient mari\u00e9s depuis un an, je leur fis part de ma surprise. L&rsquo;autre chose qui m&rsquo;amusa fut leur domaine professionnelle d&rsquo;un bout \u00e0 l&rsquo;autre de l&rsquo;\u00e9chelle humaine. Nana, elle, travaillait en cr\u00e8che et \u00e9tait donc pu\u00e9ricultrice. Taka, lui, exer\u00e7ait le m\u00e9tier d&rsquo;aide-soignant en maison de retraite. D&rsquo;un bout \u00e0 l&rsquo;autre de la vie donc.<\/p>\n<p><img data-recalc-dims=\"1\" loading=\"lazy\" decoding=\"async\" data-attachment-id=\"6723\" data-permalink=\"https:\/\/www.color-lounge.com\/blog\/2013\/portraits-davril-2013\/dscf2397\/#main\" data-orig-file=\"https:\/\/i0.wp.com\/www.color-lounge.com\/blog\/wp-content\/uploads\/2013\/06\/DSCF2397.jpg?fit=800%2C800&amp;ssl=1\" data-orig-size=\"800,800\" data-comments-opened=\"1\" data-image-meta=\"{&quot;aperture&quot;:&quot;0&quot;,&quot;credit&quot;:&quot;&quot;,&quot;camera&quot;:&quot;&quot;,&quot;caption&quot;:&quot;&quot;,&quot;created_timestamp&quot;:&quot;0&quot;,&quot;copyright&quot;:&quot;&quot;,&quot;focal_length&quot;:&quot;0&quot;,&quot;iso&quot;:&quot;0&quot;,&quot;shutter_speed&quot;:&quot;0&quot;,&quot;title&quot;:&quot;&quot;}\" data-image-title=\"DSCF2397\" data-image-description=\"\" data-image-caption=\"\" data-large-file=\"https:\/\/i0.wp.com\/www.color-lounge.com\/blog\/wp-content\/uploads\/2013\/06\/DSCF2397.jpg?fit=640%2C640&amp;ssl=1\" class=\"aligncenter size-full wp-image-6723\" alt=\"DSCF2397\" src=\"https:\/\/i0.wp.com\/www.color-lounge.com\/blog\/wp-content\/uploads\/2013\/06\/DSCF2397.jpg?resize=640%2C640&#038;ssl=1\" width=\"640\" height=\"640\" \/><br \/>\n\u25b2 8 avril &#8211; Yoshino<br \/>\nJe n&rsquo;eus malheureusement pas l&rsquo;occasion de lui parler car il \u00e9tait en pleine action. Je dus me satisfaire d&rsquo;un regard ce qui \u00e9tait d\u00e9j\u00e0 beaucoup. Ce pr\u00eatre du sanctuaire Yoshimizu au <a title=\"Color Lounge\" href=\"https:\/\/www.color-lounge.com\/blog\/2013\/05\/photo-selection-davril\/\" target=\"_blank\">mont Yoshino<\/a> \u00e9tait en train de h\u00e9ler les visiteurs d&rsquo;une voix de stentor pour leur dire que toute contribution financi\u00e8re \u00e9tait le bienvenu. Il faisait rire tout le monde en r\u00e9p\u00e9tant les m\u00eames blagues comme quoi les petites coupures \u00e9taient accept\u00e9es surtout si elles \u00e9taient nombreuses. Il faut dire que nous \u00e9tions exactement au moment du pic des visites printani\u00e8res du mont Yoshino et le nombre de personnes au m\u00e8tre carr\u00e9 avec d\u00e9cupl\u00e9 ! Je ne pouvais donc pas lui voler de son temps comme je l&rsquo;aurais voulu.<\/p>\n<p><img data-recalc-dims=\"1\" loading=\"lazy\" decoding=\"async\" data-attachment-id=\"6724\" data-permalink=\"https:\/\/www.color-lounge.com\/blog\/2013\/portraits-davril-2013\/dscf2482\/#main\" data-orig-file=\"https:\/\/i0.wp.com\/www.color-lounge.com\/blog\/wp-content\/uploads\/2013\/06\/DSCF2482.jpg?fit=800%2C800&amp;ssl=1\" data-orig-size=\"800,800\" data-comments-opened=\"1\" data-image-meta=\"{&quot;aperture&quot;:&quot;0&quot;,&quot;credit&quot;:&quot;&quot;,&quot;camera&quot;:&quot;&quot;,&quot;caption&quot;:&quot;&quot;,&quot;created_timestamp&quot;:&quot;0&quot;,&quot;copyright&quot;:&quot;&quot;,&quot;focal_length&quot;:&quot;0&quot;,&quot;iso&quot;:&quot;0&quot;,&quot;shutter_speed&quot;:&quot;0&quot;,&quot;title&quot;:&quot;&quot;}\" data-image-title=\"DSCF2482\" data-image-description=\"\" data-image-caption=\"\" data-large-file=\"https:\/\/i0.wp.com\/www.color-lounge.com\/blog\/wp-content\/uploads\/2013\/06\/DSCF2482.jpg?fit=640%2C640&amp;ssl=1\" class=\"aligncenter size-full wp-image-6724\" alt=\"DSCF2482\" src=\"https:\/\/i0.wp.com\/www.color-lounge.com\/blog\/wp-content\/uploads\/2013\/06\/DSCF2482.jpg?resize=640%2C640&#038;ssl=1\" width=\"640\" height=\"640\" \/><br \/>\n\u25b2 14 avril &#8211; Satomi, 25 ans, secr\u00e9taire &#8211; Kawagoe<br \/>\nAlors que je sortais de la gare de Kawagoe, j&rsquo;aper\u00e7us Satomi avec son <em>kimono<\/em> color\u00e9 comme j&rsquo;en avais rarement vu. Je suis loin d&rsquo;\u00eatre un expert en tissu pour ce v\u00eatement traditionnel mais toujours est-il que je n&rsquo;en avais pas vu avec un tel style. Il avait un c\u00f4t\u00e9 graphique qui ne pouvait que me plaire ainsi que des couleurs suffisamment rares pour m&rsquo;int\u00e9resser. Satomi venait aussi visiter ce \u00ab\u00a0petit Edo\u00a0\u00bb et pour se mettre dans l&rsquo;ambiance avait mis un <em>kimono<\/em>. Elle attendait une amie, elle aussi habill\u00e9 pour la circonstance. Satomi portait souvent ce v\u00eatement traditionnel par passion, \u00e0 chaque fois le week-end. Comme elle travaillait dans un bureau en tant que secr\u00e9taire, il lui \u00e9tait tout \u00e0 fait impossible d&rsquo;en porter \u00e0 ce moment-l\u00e0. Souvent donc, le week-end, avec des amies, avec des coll\u00e8gues de son \u00e9cole de <em>kimono<\/em>, elle s&rsquo;habillait et sortait avec eux. J&rsquo;aper\u00e7us son amie au moment o\u00f9 je la quittais le style relativement similaire de cet autre <em>kimono<\/em> m&rsquo;amusa. Elles avaient d\u00fb s&rsquo;organiser au t\u00e9l\u00e9phone pour pr\u00e9parer cette visite de Kawagoe avec des <em>kimono<\/em> relativement originaux mais tout aussi beaux et d\u00e9licats.<\/p>\n<p><img data-recalc-dims=\"1\" loading=\"lazy\" decoding=\"async\" data-attachment-id=\"6725\" data-permalink=\"https:\/\/www.color-lounge.com\/blog\/2013\/portraits-davril-2013\/dscf2487\/#main\" data-orig-file=\"https:\/\/i0.wp.com\/www.color-lounge.com\/blog\/wp-content\/uploads\/2013\/06\/DSCF2487.jpg?fit=800%2C800&amp;ssl=1\" data-orig-size=\"800,800\" data-comments-opened=\"1\" data-image-meta=\"{&quot;aperture&quot;:&quot;0&quot;,&quot;credit&quot;:&quot;&quot;,&quot;camera&quot;:&quot;&quot;,&quot;caption&quot;:&quot;&quot;,&quot;created_timestamp&quot;:&quot;0&quot;,&quot;copyright&quot;:&quot;&quot;,&quot;focal_length&quot;:&quot;0&quot;,&quot;iso&quot;:&quot;0&quot;,&quot;shutter_speed&quot;:&quot;0&quot;,&quot;title&quot;:&quot;&quot;}\" data-image-title=\"DSCF2487\" data-image-description=\"\" data-image-caption=\"\" data-large-file=\"https:\/\/i0.wp.com\/www.color-lounge.com\/blog\/wp-content\/uploads\/2013\/06\/DSCF2487.jpg?fit=640%2C640&amp;ssl=1\" class=\"aligncenter size-full wp-image-6725\" alt=\"DSCF2487\" src=\"https:\/\/i0.wp.com\/www.color-lounge.com\/blog\/wp-content\/uploads\/2013\/06\/DSCF2487.jpg?resize=640%2C640&#038;ssl=1\" width=\"640\" height=\"640\" \/><br \/>\n\u25b2 14 avril &#8211; Washitake san &amp; Ko chan, 63 &amp; 25 ans, retrait\u00e9 &#8211; Kawagoe<br \/>\nSi vous vous rendez \u00e0 Kawagoe, vous risquez de tomber sur lui et son perroquet. Washitake san est un ph\u00e9nom\u00e8ne qui aime se montrer en compagnie de son fid\u00e8le animal. Ils forment un couple depuis bien longtemps d\u00e9sormais et fonctionnent bel et bien comme tel. La premi\u00e8re fois que nous les avons crois\u00e9s avec maman, c&rsquo;\u00e9tait au beau milieu du vieux Kawagoe, o\u00f9 les touristes\/visiteurs se pressent pas centaines &#8211; surtout un dimanche&#8230; &#8211; et un petit groupe de personnes se regroupe sous un abri pour pr\u00e9senter leur animal. Un regroupement d&rsquo;amateurs d&rsquo;animaux. Ce qui attira tout d&rsquo;abord maman et moi \u00e0 cet endroit fut un chat angora absolument magnifique, une b\u00eate de concours qui ronronnait sur les genoux de son ma\u00eetre. En le voyant, je ne pus m&#8217;emp\u00eacher de me faufiler parmi ces manifestants pour caresser ce f\u00e9lin qui me fascinait. Comme j&rsquo;\u00e9tais au beau milieu du groupe, ce ne fut que dans un second temps que je remarquais Washitake san et son oiseau. Le premier m&rsquo;invita tr\u00e8s cordialement \u00e0 discuter avec le perroquet comme si je le connaissais, comme si cela m&rsquo;int\u00e9ressait, contrairement au propri\u00e9taire du chat angora qui communiquait peu, aussi snob que son quadrup\u00e8de alors qu&rsquo;il se complaisait \u00e0 le montrer au public. Je me mis donc \u00e0 discuter avec Ko chan qui me fut pr\u00e9sent\u00e9 en bonne et due forme, avec les inclinations corporelles des salutations de politesse. Le volatile marchait autour de ma main, montait dessus, r\u00e9cup\u00e9rait ce qu&rsquo;il pouvait manger et jouait. Washitake san m&rsquo;invita \u00e0 imiter un pistolet avec ma main droite et \u00e0 prononcer un \u00ab\u00a0Bang !\u00a0\u00bb sonore. Apr\u00e8s trois coup, l&rsquo;oiseau s&rsquo;\u00e9croula sur la table en feignant une mort sous les applaudissements du public et devant mon visage amus\u00e9.<br \/>\nJ&rsquo;\u00e9tais donc ravi de les croiser \u00e0 nouveau un peu plus tard, \u00e0 un endroit plus calme et moins propre au spectacle afin de discuter avec le propri\u00e9taire. Washitake san est un homme tellement convivial et habitu\u00e9 \u00e0 rencontrer des inconnus &#8211; Ko san oblige &#8211; que nous parl\u00e2mes de tout et de rien pendant que maman regardait le carnet de croquis d&rsquo;un autre inconnu qui discutait avec Washitake san et qui se proclamait artiste.<br \/>\nWashitake san vient de Hyogo et vit \u00e0 Kawagoe depuis 18 ans, depuis 1995. Hyogo&#8230; 1995&#8230; Kobe&#8230; s\u00e9isme&#8230; Washitake san me confirma qu&rsquo;il avait quitt\u00e9 sa r\u00e9gion natale \u00e0 ce moment-l\u00e0, qu&rsquo;apr\u00e8s ce terrible tremblement de terre, il avait perdu sa maison, il avait tout perdu et avait d\u00e9cid\u00e9 de recommencer \u00e0 z\u00e9ro du c\u00f4t\u00e9 de la capitale japonaise. Je n&rsquo;ai pas os\u00e9 aborder plus longuement l&rsquo;exp\u00e9rience de cet \u00e9v\u00e9nement dans la mesure o\u00f9 l&rsquo;\u00e9vocation de cet instant le faisait grimacer. Pourtant, Washitake san est un homme d&rsquo;un esprit ouvert qui ne laisse gu\u00e8re de sujets tabous. Aussi par pudeur, je me disais que lorsqu&rsquo;on avait absolument tout perdu, m\u00eame si longtemps apr\u00e8s, cela devait laisser des traces, que je pr\u00e9f\u00e9rais le laisser les \u00e9voquer s&rsquo;il en avait envie, sans lui forcer la main. \u00c0\u00a0l&rsquo;entendre, il \u00e9tait aussi \u00e9vident que son c\u0153ur \u00e9tait toujours dans sa r\u00e9gion natale, m\u00eame s&rsquo;il n&rsquo;y retournait plus. Il aimait Hyogo et c&rsquo;\u00e9tait \u00e9mouvant de l&rsquo;entendre prononcer le nom de son origine.<br \/>\nIl avait apparemment fait plein de boulots diff\u00e9rents et le plus long s&rsquo;\u00e9tait pass\u00e9 chez JAL en tant que m\u00e9canicien. D&rsquo;autres professions n&rsquo;\u00e9taient apparemment pas avouables comme d&rsquo;autres encore \u00e9tait trop insignifiantes pour \u00eatre mentionn\u00e9es. Ses autres exp\u00e9riences marquantes \u00e9taient en rapport \u00e0 la maladie, au cancer. L&rsquo;homme avait subi deux ablations (lesquelles ?) en raison de cette tumeur d\u00e9vorante. Devant mon regard scrutateur qui cherchait les traces des s\u00e9quelles, il m&rsquo;expliqua qu&rsquo;il n&rsquo;avait jamais v\u00e9cu de chimioth\u00e9rapie car il avait pr\u00e9f\u00e9r\u00e9 les ablations dans la mesure o\u00f9 elles \u00e9taient possibles. \u00c0\u00a0le voir, \u00e0 l&rsquo;\u00e9couter, il allait tr\u00e8s bien. Il savait pourtant pertinemment qu&rsquo;il \u00e9tait en r\u00e9mission mais au moment de notre rencontre, il se portait tr\u00e8s bien et croisait les doigts pour que cela dure le plus longtemps possible, tout \u00e0 fait conscient du retour in\u00e9vitable de ce fl\u00e9au.<br \/>\nTout du long de la discussion, des personnes de passages venaient le voir avec son oiseau si bien que nous discutions tant\u00f4t tous les deux, tant\u00f4t \u00e0 trois ou quatre.<\/p>\n<p><img data-recalc-dims=\"1\" loading=\"lazy\" decoding=\"async\" data-attachment-id=\"6726\" data-permalink=\"https:\/\/www.color-lounge.com\/blog\/2013\/portraits-davril-2013\/dscf2547\/#main\" data-orig-file=\"https:\/\/i0.wp.com\/www.color-lounge.com\/blog\/wp-content\/uploads\/2013\/06\/DSCF2547.jpg?fit=800%2C800&amp;ssl=1\" data-orig-size=\"800,800\" data-comments-opened=\"1\" data-image-meta=\"{&quot;aperture&quot;:&quot;0&quot;,&quot;credit&quot;:&quot;&quot;,&quot;camera&quot;:&quot;&quot;,&quot;caption&quot;:&quot;&quot;,&quot;created_timestamp&quot;:&quot;0&quot;,&quot;copyright&quot;:&quot;&quot;,&quot;focal_length&quot;:&quot;0&quot;,&quot;iso&quot;:&quot;0&quot;,&quot;shutter_speed&quot;:&quot;0&quot;,&quot;title&quot;:&quot;&quot;}\" data-image-title=\"DSCF2547\" data-image-description=\"\" data-image-caption=\"\" data-large-file=\"https:\/\/i0.wp.com\/www.color-lounge.com\/blog\/wp-content\/uploads\/2013\/06\/DSCF2547.jpg?fit=640%2C640&amp;ssl=1\" class=\"aligncenter size-full wp-image-6726\" alt=\"DSCF2547\" src=\"https:\/\/i0.wp.com\/www.color-lounge.com\/blog\/wp-content\/uploads\/2013\/06\/DSCF2547.jpg?resize=640%2C640&#038;ssl=1\" width=\"640\" height=\"640\" \/><br \/>\n\u25b2 28 avril &#8211; Akino, 25 ans, secr\u00e9taire &#8211; parc de Yoyogi<br \/>\nLa <em>Toyko pride<\/em> a quelque chose de ridicule dans sa taille, dans son nombre de participants. Compar\u00e9e \u00e0 10 ans plus t\u00f4t, je suis pourtant persuad\u00e9 qu&rsquo;elle s&rsquo;est d\u00e9multipli\u00e9e. Mais lorsqu&rsquo;on vient d&rsquo;Occident avec des <em>Gay prides<\/em> comme celles de San Francisco, de Londres, de Berlin ou de Paris o\u00f9 je me suis rendu de nombreuses fois, il y a un c\u00f4t\u00e9 d\u00e9risoire, d&rsquo;autant plus insignifiant qu&rsquo;il est renforc\u00e9 par l&rsquo;encadrement policier qui saucissonne et cantonne le cort\u00e8ge comme toute les manifestations au Japon. Trop d&rsquo;ordre tue les revendications et c&rsquo;est bien le but. Toujours est-il que dans mon soutien au monde gay, peu de temps apr\u00e8s l&rsquo;adoption du mariage pour tous en France, je souhaitais participer au d\u00e9fil\u00e9 de Tokyo.<br \/>\nAlors que le cort\u00e8ge \u00e9tait d\u00e9j\u00e0 parti pour faire un petit tour et revenir \u00e0 son point de d\u00e9part dans le parc Yoyogi, alors que les premiers manifestants rentraient, j&rsquo;aper\u00e7us une coupe de cheveux qui revendiquait son soutien via un <em>rainbow flag<\/em> sur les tempes. Je me dirigeais aussit\u00f4t vers Akino pour discuter avec elle. Nous savions l&rsquo;un et l&rsquo;autre qu&rsquo;il ne serait pas \u00e9vident de voir la couleur de ses cheveux pour la circonstance si elle devait en m\u00eame temps regarder l&rsquo;objectif mais en m\u00eame temps, je ne pouvais pas ne pas lui demander. Pour bien le montrer, elle avait attach\u00e9 ses cheveux de telle sorte \u00e0 ce qu&rsquo;on voit la d\u00e9coration de ses tempes avec ses cheveux tr\u00e8s courts. Devant mon int\u00e9r\u00eat, elle me sortit une s\u00e9rie de photographies qui montrait cette zone cr\u00e2nienne de couleurs diff\u00e9rentes en fonction de l&rsquo;ann\u00e9e, en fonction de l&rsquo;\u00e9v\u00e9nement. Je tombais sur une jeune femme qui manifestait et exprimait ses causes avec ses cheveux. Trop fort. Alors quand elle me dit qu&rsquo;elle n&rsquo;\u00e9tait \u00ab\u00a0qu&rsquo;une\u00a0\u00bb secr\u00e9taire, je lui demandais &#8211; avec de grands yeux &#8211; comment elle faisait dans une entreprise japonaise pour ne pas se faire virer avec une telle excentricit\u00e9. C&rsquo;est alors qu&rsquo;elle d\u00e9fit sa queue de cheval pour me montrer le camouflage qui ne laissait rien para\u00eetre. Incroyable. Bien \u00e9videmment, si son patron apercevait une telle infamie, elle se ferait virer sur le champ.<br \/>\nFan de personnages fantastiques, elle avait fait, entre autre, des styles \u00e0 la Superman, \u00e0 la Batman et j&rsquo;en passe. Elle s&rsquo;amusait \u00e0 faire cela et \u00e0 en changer toutes les deux semaines. Le plus amusant \u00e9tait qu&rsquo;elle participait \u00e0 la <em>Tokyo pride<\/em> pour la premi\u00e8re fois. Elle me donna ses coordonn\u00e9es sur Instagram o\u00f9 elle montre r\u00e9guli\u00e8rement ses styles capillaires.<\/p>\n<p><img data-recalc-dims=\"1\" loading=\"lazy\" decoding=\"async\" data-attachment-id=\"6727\" data-permalink=\"https:\/\/www.color-lounge.com\/blog\/2013\/portraits-davril-2013\/dscf2559\/#main\" data-orig-file=\"https:\/\/i0.wp.com\/www.color-lounge.com\/blog\/wp-content\/uploads\/2013\/06\/DSCF2559.jpg?fit=800%2C800&amp;ssl=1\" data-orig-size=\"800,800\" data-comments-opened=\"1\" data-image-meta=\"{&quot;aperture&quot;:&quot;0&quot;,&quot;credit&quot;:&quot;&quot;,&quot;camera&quot;:&quot;&quot;,&quot;caption&quot;:&quot;&quot;,&quot;created_timestamp&quot;:&quot;0&quot;,&quot;copyright&quot;:&quot;&quot;,&quot;focal_length&quot;:&quot;0&quot;,&quot;iso&quot;:&quot;0&quot;,&quot;shutter_speed&quot;:&quot;0&quot;,&quot;title&quot;:&quot;&quot;}\" data-image-title=\"DSCF2559\" data-image-description=\"\" data-image-caption=\"\" data-large-file=\"https:\/\/i0.wp.com\/www.color-lounge.com\/blog\/wp-content\/uploads\/2013\/06\/DSCF2559.jpg?fit=640%2C640&amp;ssl=1\" class=\"aligncenter size-full wp-image-6727\" alt=\"DSCF2559\" src=\"https:\/\/i0.wp.com\/www.color-lounge.com\/blog\/wp-content\/uploads\/2013\/06\/DSCF2559.jpg?resize=640%2C640&#038;ssl=1\" width=\"640\" height=\"640\" \/><br \/>\n\u25b2 28 avril &#8211; parc de Yoyogi<br \/>\nEu \u00e9gard au nombre de personnes qui souhaitait le prendre en photographie, il me fut impossible de lui parler, de savoir comment il s&rsquo;appelait. C&rsquo;est comme cela.<\/p>\n<p><img data-recalc-dims=\"1\" loading=\"lazy\" decoding=\"async\" data-attachment-id=\"6728\" data-permalink=\"https:\/\/www.color-lounge.com\/blog\/2013\/portraits-davril-2013\/dscf2562\/#main\" data-orig-file=\"https:\/\/i0.wp.com\/www.color-lounge.com\/blog\/wp-content\/uploads\/2013\/06\/DSCF2562.jpg?fit=800%2C800&amp;ssl=1\" data-orig-size=\"800,800\" data-comments-opened=\"1\" data-image-meta=\"{&quot;aperture&quot;:&quot;0&quot;,&quot;credit&quot;:&quot;&quot;,&quot;camera&quot;:&quot;&quot;,&quot;caption&quot;:&quot;&quot;,&quot;created_timestamp&quot;:&quot;0&quot;,&quot;copyright&quot;:&quot;&quot;,&quot;focal_length&quot;:&quot;0&quot;,&quot;iso&quot;:&quot;0&quot;,&quot;shutter_speed&quot;:&quot;0&quot;,&quot;title&quot;:&quot;&quot;}\" data-image-title=\"DSCF2562\" data-image-description=\"\" data-image-caption=\"\" data-large-file=\"https:\/\/i0.wp.com\/www.color-lounge.com\/blog\/wp-content\/uploads\/2013\/06\/DSCF2562.jpg?fit=640%2C640&amp;ssl=1\" class=\"aligncenter size-full wp-image-6728\" alt=\"DSCF2562\" src=\"https:\/\/i0.wp.com\/www.color-lounge.com\/blog\/wp-content\/uploads\/2013\/06\/DSCF2562.jpg?resize=640%2C640&#038;ssl=1\" width=\"640\" height=\"640\" \/><br \/>\n\u25b2 28 avril &#8211; Kenichi &amp; Yoshinori, 34 &amp; 35 ans, ? &amp; kin\u00e9sith\u00e9rapeute &#8211; parc de Yoyogi<br \/>\nPour cette <em>Tokyo pride<\/em>, il me fallait un couple gay et un couple lesbien. J&rsquo;eus donc les deux m\u00eame si Kenichi et Yoshinori n&rsquo;\u00e9tait pas vraiment un couple qui vivait ensemble. Ils me jur\u00e8rent qu&rsquo;ils ne vivaient pas ensemble, qu&rsquo;ils n&rsquo;\u00e9taient pas un couple et pourtant, leur tr\u00e8s forte connivence entre eux se voyait comme le nez au milieu de la figure, une intimit\u00e9 digne d&rsquo;un couple. Quand je les ai abord\u00e9 pour leur dire que je voulais une photographie d&rsquo;un couple gay, ils rirent en s&rsquo;\u00e9criant de mani\u00e8re bien trop eff\u00e9min\u00e9e que ce n&rsquo;\u00e9tait pas possible, qu&rsquo;ils avaient honte, que ce n&rsquo;\u00e9tait pas raisonnable, que j&rsquo;allais crier sur les toits qu&rsquo;ils \u00e9taient ensemble alors que ce n&rsquo;\u00e9tait pas le cas. Tout ce cin\u00e9ma faisait partie de la rencontre, du jeu qu&rsquo;il me fallait suivre afin de parvenir \u00e0 obtenir leur portrait. Ils \u00e9taient avec deux amis et l&rsquo;ambiance, en raison de l&rsquo;excitation de la manifestation, \u00e9tait \u00e0 son comble. Les blagues fusaient dans tous les sens tout comme les provocations ambigu\u00ebs. Nous avons donc beaucoup ri. Une chose \u00e9tait s\u00fbre, s&rsquo;il n&rsquo;\u00e9tait pas ensemble, ils \u00e9taient aussi gay l&rsquo;un que l&rsquo;autre avec une exag\u00e9ration plus d\u00e9velopp\u00e9e chez Kenichi. Ce m\u00eame Kenichi qui ne voulut d&rsquo;ailleurs pas me donner son m\u00e9tier. Rien \u00e0 faire. Ce m\u00eame Kenichi qui n&rsquo;arr\u00eatait pas de me provoquer, de me draguer pour que nous nous retrouvions, pour que nous sortions ensemble. J&rsquo;eus confirmation de leur intimit\u00e9 lorsqu&rsquo;ils m&rsquo;expliqu\u00e8rent qu&rsquo;ils se connaissaient depuis 15 ans.<br \/>\nIls \u00e9taient vraiment tr\u00e8s ouverts et nous avons pass\u00e9 un excellent moment ensemble.<\/p>\n<p><img data-recalc-dims=\"1\" loading=\"lazy\" decoding=\"async\" data-attachment-id=\"6729\" data-permalink=\"https:\/\/www.color-lounge.com\/blog\/2013\/portraits-davril-2013\/dscf2563\/#main\" data-orig-file=\"https:\/\/i0.wp.com\/www.color-lounge.com\/blog\/wp-content\/uploads\/2013\/06\/DSCF2563.jpg?fit=800%2C800&amp;ssl=1\" data-orig-size=\"800,800\" data-comments-opened=\"1\" data-image-meta=\"{&quot;aperture&quot;:&quot;0&quot;,&quot;credit&quot;:&quot;&quot;,&quot;camera&quot;:&quot;&quot;,&quot;caption&quot;:&quot;&quot;,&quot;created_timestamp&quot;:&quot;0&quot;,&quot;copyright&quot;:&quot;&quot;,&quot;focal_length&quot;:&quot;0&quot;,&quot;iso&quot;:&quot;0&quot;,&quot;shutter_speed&quot;:&quot;0&quot;,&quot;title&quot;:&quot;&quot;}\" data-image-title=\"DSCF2563\" data-image-description=\"\" data-image-caption=\"\" data-large-file=\"https:\/\/i0.wp.com\/www.color-lounge.com\/blog\/wp-content\/uploads\/2013\/06\/DSCF2563.jpg?fit=640%2C640&amp;ssl=1\" class=\"aligncenter size-full wp-image-6729\" alt=\"DSCF2563\" src=\"https:\/\/i0.wp.com\/www.color-lounge.com\/blog\/wp-content\/uploads\/2013\/06\/DSCF2563.jpg?resize=640%2C640&#038;ssl=1\" width=\"640\" height=\"640\" \/><br \/>\n\u25b2 28 avril &#8211; Yuki &amp; Pan, 37 &amp; 35 ans, graphiste et poterie &#8211; parc de Yoyogi<br \/>\nMoins d\u00e9monstratifs, m\u00eame dans un \u00e9v\u00e9nement aussi ouvert que celui de la <em>Tokyo pride<\/em>, les couples lesbiens doivent faire l&rsquo;objet d&rsquo;une recherche plus pouss\u00e9e, de refus plus nombreux. Yuki et Pan m&rsquo;ont d&rsquo;ailleurs demand\u00e9 de ne pas publier leur portrait sur Internet, ce que je ne respecte donc \u00e9videmment pas. Or, j&rsquo;eus une discussion bien plus honn\u00eate, bien plus franche et moins entour\u00e9 de simagr\u00e9es que pour Kenichi et Yoshinori. Elles se sont ouvertes \u00e0 moi dans une na\u00efvet\u00e9 qui m&rsquo;a touch\u00e9.<br \/>\nYuki et Pan m&rsquo;ont racont\u00e9 leur vie, leur rencontre dans leur \u00e9cole d&rsquo;art o\u00f9 elles \u00e9taient d\u00e9j\u00e0 avec une autre personne \u00e0 ce moment-l\u00e0. Elles m&rsquo;expliqu\u00e8rent aussi que les couples gay dans les \u00e9coles\/universit\u00e9s artistiques \u00e9taient bien plus nombreux car bien plus d\u00e9clar\u00e9s que dans les autres milieux. Je m&rsquo;en \u00e9tonnais tout en retrouvant l&rsquo;esprit d&rsquo;avant-garde propre au milieu artistique. Elles vivaient ensemble depuis 15 ans et travaillaient dans leur maison avec l&rsquo;atelier de Pan et l&rsquo;espace de travail de Yuki. Si les voisins se doutaient de quelque chose, le sujet n&rsquo;\u00e9tait pas abord\u00e9 de fa\u00e7on \u00e0 ce qu&rsquo;une pr\u00e9tendue ignorance permette un voisinage sans remous. Elles venaient \u00e0 la <em>Tokyo pride<\/em> r\u00e9guli\u00e8rement et se promenait dans les all\u00e9es des stands avec leur drapeau \u00e0 la main, comme pour montrer leur appartenance bien que cela ne laissait aucun doute.<\/p>\n<p><img data-recalc-dims=\"1\" loading=\"lazy\" decoding=\"async\" data-attachment-id=\"6730\" data-permalink=\"https:\/\/www.color-lounge.com\/blog\/2013\/portraits-davril-2013\/dscf2567\/#main\" data-orig-file=\"https:\/\/i0.wp.com\/www.color-lounge.com\/blog\/wp-content\/uploads\/2013\/06\/DSCF2567.jpg?fit=800%2C800&amp;ssl=1\" data-orig-size=\"800,800\" data-comments-opened=\"1\" data-image-meta=\"{&quot;aperture&quot;:&quot;0&quot;,&quot;credit&quot;:&quot;&quot;,&quot;camera&quot;:&quot;&quot;,&quot;caption&quot;:&quot;&quot;,&quot;created_timestamp&quot;:&quot;0&quot;,&quot;copyright&quot;:&quot;&quot;,&quot;focal_length&quot;:&quot;0&quot;,&quot;iso&quot;:&quot;0&quot;,&quot;shutter_speed&quot;:&quot;0&quot;,&quot;title&quot;:&quot;&quot;}\" data-image-title=\"DSCF2567\" data-image-description=\"\" data-image-caption=\"\" data-large-file=\"https:\/\/i0.wp.com\/www.color-lounge.com\/blog\/wp-content\/uploads\/2013\/06\/DSCF2567.jpg?fit=640%2C640&amp;ssl=1\" class=\"aligncenter size-full wp-image-6730\" alt=\"DSCF2567\" src=\"https:\/\/i0.wp.com\/www.color-lounge.com\/blog\/wp-content\/uploads\/2013\/06\/DSCF2567.jpg?resize=640%2C640&#038;ssl=1\" width=\"640\" height=\"640\" \/><br \/>\n\u25b2 28 avril &#8211; Arthur &#8211; parc de Yoyogi<br \/>\nJe n&rsquo;ai malheureusement rien sur Arthur. Il avait d\u00e9cid\u00e9 (avec moi ?) de ne pas parler et faisait des gestes ou m&rsquo;a tendu sa carte en guise de r\u00e9ponse. J&rsquo;avais cru voir une femme de dos alors que je m&rsquo;appr\u00eatais \u00e0 quitter la <em>Tokyo pride<\/em>. Il se trouvait \u00e0 une trentaine de m\u00e8tres de moi et j&rsquo;ai donn\u00e9 quelques coups de p\u00e9dale pour le rattraper. Poser devant mon objectif ne lui a pos\u00e9 absolument aucun probl\u00e8me. Il semblait d&rsquo;ailleurs \u00e9vident qu&rsquo;il avait largement l&rsquo;habitude et que sans doute, il aimait bien cela. J&rsquo;ai pu le retrouver sur Twitter et comprendre un peu plus le genre de personne que j&rsquo;avais rencontr\u00e9e via son cr\u00e9do : <em>21st century disguised man<\/em>.<\/p>\n","protected":false},"excerpt":{"rendered":"<p>Encore une longue s\u00e9rie pour le mois d&rsquo;avril avec des portraits de Hokkaido, de Kyoto, de Yoshino, de Kawagoe et bien s\u00fbr de Tokyo. \u25b2 1er avril &#8211; Kimura san, 58 ans, boulanger &#8211; Hakodate En d\u00e9but de matin\u00e9e, apr\u00e8s avoir r\u00e9gl\u00e9 la note \u00e0 l&rsquo;h\u00f4tel, Cyril et moi avons cherch\u00e9 une boulangerie. Une envie [&hellip;]<\/p>\n","protected":false},"author":2,"featured_media":6832,"comment_status":"open","ping_status":"open","sticky":false,"template":"","format":"standard","meta":{"ngg_post_thumbnail":0,"jetpack_post_was_ever_published":false,"_jetpack_newsletter_access":"","_jetpack_dont_email_post_to_subs":false,"_jetpack_newsletter_tier_id":0,"_jetpack_memberships_contains_paywalled_content":false,"_jetpack_memberships_contains_paid_content":false,"footnotes":"","jetpack_publicize_message":"","jetpack_publicize_feature_enabled":true,"jetpack_social_post_already_shared":false,"jetpack_social_options":{"image_generator_settings":{"template":"highway","default_image_id":0,"font":"","enabled":false},"version":2}},"categories":[8,1335],"tags":[1551,1081,2493,1338,1134,1548],"class_list":["post-6707","post","type-post","status-publish","format-standard","has-post-thumbnail","hentry","category-photographie","category-du-jour","tag-hakodate","tag-kyoto-2","tag-photographie","tag-portrait-du-jour-par-cedric-riveau","tag-portraits","tag-yoshino-2"],"aioseo_notices":[],"jetpack_publicize_connections":[],"jetpack_featured_media_url":"https:\/\/i0.wp.com\/www.color-lounge.com\/blog\/wp-content\/uploads\/2013\/07\/DSCF23861.jpg?fit=600%2C800&ssl=1","jetpack_sharing_enabled":true,"jetpack_shortlink":"https:\/\/wp.me\/p5BAbw-1Kb","_links":{"self":[{"href":"https:\/\/www.color-lounge.com\/blog\/wp-json\/wp\/v2\/posts\/6707","targetHints":{"allow":["GET"]}}],"collection":[{"href":"https:\/\/www.color-lounge.com\/blog\/wp-json\/wp\/v2\/posts"}],"about":[{"href":"https:\/\/www.color-lounge.com\/blog\/wp-json\/wp\/v2\/types\/post"}],"author":[{"embeddable":true,"href":"https:\/\/www.color-lounge.com\/blog\/wp-json\/wp\/v2\/users\/2"}],"replies":[{"embeddable":true,"href":"https:\/\/www.color-lounge.com\/blog\/wp-json\/wp\/v2\/comments?post=6707"}],"version-history":[{"count":45,"href":"https:\/\/www.color-lounge.com\/blog\/wp-json\/wp\/v2\/posts\/6707\/revisions"}],"predecessor-version":[{"id":6783,"href":"https:\/\/www.color-lounge.com\/blog\/wp-json\/wp\/v2\/posts\/6707\/revisions\/6783"}],"wp:featuredmedia":[{"embeddable":true,"href":"https:\/\/www.color-lounge.com\/blog\/wp-json\/wp\/v2\/media\/6832"}],"wp:attachment":[{"href":"https:\/\/www.color-lounge.com\/blog\/wp-json\/wp\/v2\/media?parent=6707"}],"wp:term":[{"taxonomy":"category","embeddable":true,"href":"https:\/\/www.color-lounge.com\/blog\/wp-json\/wp\/v2\/categories?post=6707"},{"taxonomy":"post_tag","embeddable":true,"href":"https:\/\/www.color-lounge.com\/blog\/wp-json\/wp\/v2\/tags?post=6707"}],"curies":[{"name":"wp","href":"https:\/\/api.w.org\/{rel}","templated":true}]}}