{"id":5470,"date":"2012-04-02T10:57:34","date_gmt":"2012-04-02T01:57:34","guid":{"rendered":"http:\/\/www.color-lounge.com\/news\/?p=3391"},"modified":"2013-01-28T23:06:19","modified_gmt":"2013-01-28T14:06:19","slug":"le-portail-arago","status":"publish","type":"post","link":"https:\/\/www.color-lounge.com\/blog\/2012\/le-portail-arago\/","title":{"rendered":"Le portail Arago"},"content":{"rendered":"<p><img data-recalc-dims=\"1\" loading=\"lazy\" decoding=\"async\" src=\"https:\/\/i0.wp.com\/www.color-lounge.com\/blog\/wp-content\/uploads\/2012\/04\/Screen-Shot-2012-04-02-at-10.39.45-AM-785x293.png?resize=640%2C238&#038;ssl=1\" alt=\"Portail Arago\" width=\"640\" height=\"238\" class=\"aligncenter size-large wp-image-4837\" \/><br \/>\nUn portail sur la photographie et les photographes, vous en r\u00eaviez ? La RMN l&rsquo;a fait !<\/p>\n<p>L&rsquo;agence photographique de la <a title=\"site de la RMN\" href=\"http:\/\/www.rmn.fr\/\" target=\"_blank\">R\u00e9union des mus\u00e9es nationaux<\/a> a mis en place un portail au nom du fameux astronome <a title=\"wikipedia\" href=\"http:\/\/fr.wikipedia.org\/wiki\/Fran\u00e7ois_Arago\" target=\"_blank\">Fran\u00e7ois Arago<\/a> &#8211; grand promoteur du <a title=\"wikipedia\" href=\"http:\/\/fr.wikipedia.org\/wiki\/Daguerr\u00e9otype\" target=\"_blank\">daguerr\u00e9otype<\/a> &#8211; afin de r\u00e9unir les collections de la Direction g\u00e9n\u00e9ral des patrimoines du minist\u00e8re de la culture et de la communication.<\/p>\n<p>Vous voulez faire un plongeon dans l&rsquo;histoire de la photographie ? D\u00e9couvrir des bijoux cach\u00e9s au fil des ann\u00e9es ? Vous pr\u00e9f\u00e9rez naviguer \u00e0 travers des th\u00e8mes ? D\u00e9nicher Claude Monet au milieu de son jardin de Giverny ? Foncez sur le portail. \u00c0\u00a0chaque clic, que du bonheur !<\/p>\n<p><a title=\"Portail Arago\" href=\"http:\/\/www.photo-arago.fr\/\" target=\"_blank\"> Le portail Arago &#8211; Le portail de la photographie<\/a><\/p>\n<p>Bravo \u00e0 <a title=\"Twitter\" href=\"https:\/\/twitter.com\/#!\/regix\" target=\"_blank\">R\u00e9ginald<\/a> pour la d\u00e9couverte !<\/p>\n","protected":false},"excerpt":{"rendered":"<p>Un portail sur la photographie et les photographes, vous en r\u00eaviez ? La RMN l&rsquo;a fait ! L&rsquo;agence photographique de la R\u00e9union des mus\u00e9es nationaux a mis en place un portail au nom du fameux astronome Fran\u00e7ois Arago &#8211; grand promoteur du daguerr\u00e9otype &#8211; afin de r\u00e9unir les collections de la Direction g\u00e9n\u00e9ral des patrimoines [&hellip;]<\/p>\n","protected":false},"author":4,"featured_media":5482,"comment_status":"open","ping_status":"open","sticky":false,"template":"","format":"standard","meta":{"ngg_post_thumbnail":0,"jetpack_post_was_ever_published":false,"_jetpack_newsletter_access":"","_jetpack_dont_email_post_to_subs":false,"_jetpack_newsletter_tier_id":0,"_jetpack_memberships_contains_paywalled_content":false,"_jetpack_memberships_contains_paid_content":false,"footnotes":"","jetpack_publicize_message":"","jetpack_publicize_feature_enabled":true,"jetpack_social_post_already_shared":false,"jetpack_social_options":{"image_generator_settings":{"template":"highway","default_image_id":0,"font":"","enabled":false},"version":2}},"categories":[8],"tags":[1353,2493],"class_list":["post-5470","post","type-post","status-publish","format-standard","has-post-thumbnail","hentry","category-photographie","tag-arago","tag-photographie"],"aioseo_notices":[],"jetpack_publicize_connections":[],"jetpack_featured_media_url":"https:\/\/i0.wp.com\/www.color-lounge.com\/blog\/wp-content\/uploads\/2012\/04\/Screen-Shot-2013-01-28-at-10.53.07-PM.jpg?fit=700%2C700&ssl=1","jetpack_sharing_enabled":true,"jetpack_shortlink":"https:\/\/wp.me\/p5BAbw-1qe","_links":{"self":[{"href":"https:\/\/www.color-lounge.com\/blog\/wp-json\/wp\/v2\/posts\/5470","targetHints":{"allow":["GET"]}}],"collection":[{"href":"https:\/\/www.color-lounge.com\/blog\/wp-json\/wp\/v2\/posts"}],"about":[{"href":"https:\/\/www.color-lounge.com\/blog\/wp-json\/wp\/v2\/types\/post"}],"author":[{"embeddable":true,"href":"https:\/\/www.color-lounge.com\/blog\/wp-json\/wp\/v2\/users\/4"}],"replies":[{"embeddable":true,"href":"https:\/\/www.color-lounge.com\/blog\/wp-json\/wp\/v2\/comments?post=5470"}],"version-history":[{"count":3,"href":"https:\/\/www.color-lounge.com\/blog\/wp-json\/wp\/v2\/posts\/5470\/revisions"}],"predecessor-version":[{"id":5485,"href":"https:\/\/www.color-lounge.com\/blog\/wp-json\/wp\/v2\/posts\/5470\/revisions\/5485"}],"wp:featuredmedia":[{"embeddable":true,"href":"https:\/\/www.color-lounge.com\/blog\/wp-json\/wp\/v2\/media\/5482"}],"wp:attachment":[{"href":"https:\/\/www.color-lounge.com\/blog\/wp-json\/wp\/v2\/media?parent=5470"}],"wp:term":[{"taxonomy":"category","embeddable":true,"href":"https:\/\/www.color-lounge.com\/blog\/wp-json\/wp\/v2\/categories?post=5470"},{"taxonomy":"post_tag","embeddable":true,"href":"https:\/\/www.color-lounge.com\/blog\/wp-json\/wp\/v2\/tags?post=5470"}],"curies":[{"name":"wp","href":"https:\/\/api.w.org\/{rel}","templated":true}]}}