{"id":5396,"date":"2011-10-18T18:34:51","date_gmt":"2011-10-18T09:34:51","guid":{"rendered":"http:\/\/www.color-lounge.com\/news\/?p=1838"},"modified":"2013-01-29T21:13:14","modified_gmt":"2013-01-29T12:13:14","slug":"eos-1d-x-le-nouveau-reflex-pro-par-canon","status":"publish","type":"post","link":"https:\/\/www.color-lounge.com\/blog\/2011\/eos-1d-x-le-nouveau-reflex-pro-par-canon\/","title":{"rendered":"EOS 1D X, le nouveau r\u00e9flex Pro par Canon"},"content":{"rendered":"<p><a href=\"https:\/\/i0.wp.com\/www.color-lounge.com\/blog\/wp-content\/uploads\/2011\/10\/Canon-EOS-1DXL-E-311810-31.jpg?ssl=1\"><img data-recalc-dims=\"1\" loading=\"lazy\" decoding=\"async\" class=\"alignnone size-full wp-image-1839\" title=\"Canon-EOS-1DX,L-E-311810-3[1]\" src=\"https:\/\/i0.wp.com\/www.color-lounge.com\/blog\/wp-content\/uploads\/2011\/10\/Canon-EOS-1DXL-E-311810-31.jpg?resize=369%2C400&#038;ssl=1\" alt=\"\" width=\"369\" height=\"400\" \/><\/a><\/p>\n<p>\u00ab\u00a0Attendu depuis plusieurs mois, le nouvel appareil photo r\u00e9flex destin\u00e9 aux professionnels Canon a enfin \u00e9t\u00e9 officialis\u00e9. L\u2019EOS 1D X succ\u00e8de ainsi au 1D, le sportif, et vient \u00e9galement supplant\u00e9 le 1Ds, plus adapt\u00e9 aux portraits et paysages. Le 1D X profite d\u2019un nouveau capteur CMOS Full Frame (24-36 mm) de 18 m\u00e9gapixels. Le processeur est \u00e9galement totalement revu, puisque Canon passe au DIGIC 5+, jusqu&rsquo;\u00e0 17 fois plus puissant que son pr\u00e9d\u00e9cesseur DIGIC 4&#8230;.\u00a0\u00bb<\/p>\n<p><a title=\"EOS 1D X, le nouveau r\u00e9flex Pro par Canon\" href=\"http:\/\/www.tomsguide.fr\/actualite\/EOS-Pro-Reflex,1311.html\" target=\"_blank\">EOS 1D X, le nouveau r\u00e9flex Pro par Canon<\/a>\u00a0sur <strong>tomsguide<\/strong><\/p>\n","protected":false},"excerpt":{"rendered":"<p>\u00ab\u00a0Attendu depuis plusieurs mois, le nouvel appareil photo r\u00e9flex destin\u00e9 aux professionnels Canon a enfin \u00e9t\u00e9 officialis\u00e9. L\u2019EOS 1D X succ\u00e8de ainsi au 1D, le sportif, et vient \u00e9galement supplant\u00e9 le 1Ds, plus adapt\u00e9 aux portraits et paysages. Le 1D X profite d\u2019un nouveau capteur CMOS Full Frame (24-36 mm) de 18 m\u00e9gapixels. Le processeur [&hellip;]<\/p>\n","protected":false},"author":2,"featured_media":5959,"comment_status":"open","ping_status":"open","sticky":false,"template":"","format":"standard","meta":{"ngg_post_thumbnail":0,"jetpack_post_was_ever_published":false,"_jetpack_newsletter_access":"","_jetpack_dont_email_post_to_subs":false,"_jetpack_newsletter_tier_id":0,"_jetpack_memberships_contains_paywalled_content":false,"_jetpack_memberships_contains_paid_content":false,"footnotes":"","jetpack_publicize_message":"","jetpack_publicize_feature_enabled":true,"jetpack_social_post_already_shared":false,"jetpack_social_options":{"image_generator_settings":{"template":"highway","default_image_id":0,"font":"","enabled":false},"version":2}},"categories":[1330],"tags":[1370,1363,1371],"class_list":["post-5396","post","type-post","status-publish","format-standard","has-post-thumbnail","hentry","category-test","tag-appareil","tag-canon","tag-test-2"],"aioseo_notices":[],"jetpack_publicize_connections":[],"jetpack_featured_media_url":"https:\/\/i0.wp.com\/www.color-lounge.com\/blog\/wp-content\/uploads\/2011\/10\/canon-eos-1dx.jpg?fit=600%2C600&ssl=1","jetpack_sharing_enabled":true,"jetpack_shortlink":"https:\/\/wp.me\/p5BAbw-1p2","_links":{"self":[{"href":"https:\/\/www.color-lounge.com\/blog\/wp-json\/wp\/v2\/posts\/5396","targetHints":{"allow":["GET"]}}],"collection":[{"href":"https:\/\/www.color-lounge.com\/blog\/wp-json\/wp\/v2\/posts"}],"about":[{"href":"https:\/\/www.color-lounge.com\/blog\/wp-json\/wp\/v2\/types\/post"}],"author":[{"embeddable":true,"href":"https:\/\/www.color-lounge.com\/blog\/wp-json\/wp\/v2\/users\/2"}],"replies":[{"embeddable":true,"href":"https:\/\/www.color-lounge.com\/blog\/wp-json\/wp\/v2\/comments?post=5396"}],"version-history":[{"count":1,"href":"https:\/\/www.color-lounge.com\/blog\/wp-json\/wp\/v2\/posts\/5396\/revisions"}],"predecessor-version":[{"id":5960,"href":"https:\/\/www.color-lounge.com\/blog\/wp-json\/wp\/v2\/posts\/5396\/revisions\/5960"}],"wp:featuredmedia":[{"embeddable":true,"href":"https:\/\/www.color-lounge.com\/blog\/wp-json\/wp\/v2\/media\/5959"}],"wp:attachment":[{"href":"https:\/\/www.color-lounge.com\/blog\/wp-json\/wp\/v2\/media?parent=5396"}],"wp:term":[{"taxonomy":"category","embeddable":true,"href":"https:\/\/www.color-lounge.com\/blog\/wp-json\/wp\/v2\/categories?post=5396"},{"taxonomy":"post_tag","embeddable":true,"href":"https:\/\/www.color-lounge.com\/blog\/wp-json\/wp\/v2\/tags?post=5396"}],"curies":[{"name":"wp","href":"https:\/\/api.w.org\/{rel}","templated":true}]}}