{"id":5261,"date":"2011-04-30T11:32:20","date_gmt":"2011-04-30T02:32:20","guid":{"rendered":"http:\/\/www.color-lounge.com\/news\/?p=179"},"modified":"2011-04-30T11:32:20","modified_gmt":"2011-04-30T02:32:20","slug":"jonathan-hobin","status":"publish","type":"post","link":"https:\/\/www.color-lounge.com\/blog\/2011\/jonathan-hobin\/","title":{"rendered":"Jonathan Hobin"},"content":{"rendered":"<p>Prendre les mod\u00e8les dans leur habitat est une pratique assez courante. Cette mise en situation en dit long sur l&rsquo;environnement, le monde et la fa\u00e7on de vivre des personnes immortalis\u00e9es par le photographe. Alors pourquoi pas le faire avec des enfants ? Et surtout, pourquoi pas le faire de mani\u00e8re ironique, en poussant la mise en sc\u00e8ne jusqu&rsquo;au bout, une mise en sc\u00e8ne qui finit par en dire plus long du monde dans lequel on vit qu&rsquo;une pi\u00e8ce d&rsquo;un monde int\u00e9rieur ?<br \/>\nC&rsquo;est ce qu&rsquo;a fait Jonathan Hobin avec sa s\u00e9rie intitul\u00e9e : <em>In the playroom<\/em>. Cela donne des clich\u00e9s tr\u00e8s sarcastiques, qui font sourire ou parfois peur mais qui nous interpelle \u00e0 chaque fois sur cette soci\u00e9t\u00e9 ultra m\u00e9diatis\u00e9e, \u00e0 plusieurs vitesses que nous alimentons tous autant les uns que les autres.<br \/>\n<img data-recalc-dims=\"1\" loading=\"lazy\" decoding=\"async\" class=\"alignnone size-full wp-image-183\" title=\"Jonathan Hobin - In the playroom\" src=\"https:\/\/i0.wp.com\/www.color-lounge.com\/blog\/wp-content\/uploads\/2011\/04\/in-the-playroom11.jpeg?resize=600%2C429&#038;ssl=1\" alt=\"Jonathan Hobin - In the playroom\" width=\"600\" height=\"429\" \/><br \/>\n<img data-recalc-dims=\"1\" loading=\"lazy\" decoding=\"async\" data-attachment-id=\"182\" data-permalink=\"https:\/\/www.color-lounge.com\/blog\/2011\/jonathan-hobin\/in-the-playroom9\/#main\" data-orig-file=\"https:\/\/i0.wp.com\/www.color-lounge.com\/blog\/wp-content\/uploads\/2011\/04\/in-the-playroom9.jpeg?fit=600%2C429&amp;ssl=1\" data-orig-size=\"600,429\" data-comments-opened=\"1\" data-image-meta=\"{&quot;aperture&quot;:&quot;11&quot;,&quot;credit&quot;:&quot;Jonathan Hobin&quot;,&quot;camera&quot;:&quot;Canon EOS 5D&quot;,&quot;caption&quot;:&quot;&quot;,&quot;created_timestamp&quot;:&quot;1214479881&quot;,&quot;copyright&quot;:&quot;Copyright \\u00a9 2010 Jonathan Hobin&quot;,&quot;focal_length&quot;:&quot;25&quot;,&quot;iso&quot;:&quot;100&quot;,&quot;shutter_speed&quot;:&quot;0.008&quot;,&quot;title&quot;:&quot;&quot;}\" data-image-title=\"Jonathan Hobin &amp;#8211; In the playroom\" data-image-description=\"\" data-image-caption=\"\" data-large-file=\"https:\/\/i0.wp.com\/www.color-lounge.com\/blog\/wp-content\/uploads\/2011\/04\/in-the-playroom9.jpeg?fit=600%2C429&amp;ssl=1\" class=\"alignnone size-full wp-image-182\" title=\"Jonathan Hobin - In the playroom\" src=\"https:\/\/i0.wp.com\/www.color-lounge.com\/blog\/wp-content\/uploads\/2011\/04\/in-the-playroom9.jpeg?resize=600%2C429&#038;ssl=1\" alt=\"Jonathan Hobin - In the playroom\" width=\"600\" height=\"429\" srcset=\"https:\/\/i0.wp.com\/www.color-lounge.com\/blog\/wp-content\/uploads\/2011\/04\/in-the-playroom9.jpeg?w=600&amp;ssl=1 600w, https:\/\/i0.wp.com\/www.color-lounge.com\/blog\/wp-content\/uploads\/2011\/04\/in-the-playroom9.jpeg?resize=210%2C150&amp;ssl=1 210w\" sizes=\"auto, (max-width: 600px) 100vw, 600px\" \/><br \/>\n<img data-recalc-dims=\"1\" loading=\"lazy\" decoding=\"async\" class=\"alignnone size-full wp-image-181\" title=\"Jonathan Hobin - In the playroom\" src=\"https:\/\/i0.wp.com\/www.color-lounge.com\/blog\/wp-content\/uploads\/2011\/04\/in-the-playroom3.jpeg?resize=600%2C429&#038;ssl=1\" alt=\"Jonathan Hobin - In the playroom\" width=\"600\" height=\"429\" \/><\/p>\n<p><a title=\"Jonathan Hobin\" href=\"http:\/\/www.jhobin.com\/\" target=\"_blank\">Site de l&rsquo;artiste<\/a><\/p>\n","protected":false},"excerpt":{"rendered":"<p>Prendre les mod\u00e8les dans leur habitat est une pratique assez courante. Cette mise en situation en dit long sur l&rsquo;environnement, le monde et la fa\u00e7on de vivre des personnes immortalis\u00e9es par le photographe. Alors pourquoi pas le faire avec des enfants ? Et surtout, pourquoi pas le faire de mani\u00e8re ironique, en poussant la mise [&hellip;]<\/p>\n","protected":false},"author":4,"featured_media":4071,"comment_status":"open","ping_status":"open","sticky":false,"template":"","format":"standard","meta":{"ngg_post_thumbnail":0,"jetpack_post_was_ever_published":false,"_jetpack_newsletter_access":"","_jetpack_dont_email_post_to_subs":false,"_jetpack_newsletter_tier_id":0,"_jetpack_memberships_contains_paywalled_content":false,"_jetpack_memberships_contains_paid_content":false,"footnotes":"","jetpack_publicize_message":"","jetpack_publicize_feature_enabled":true,"jetpack_social_post_already_shared":false,"jetpack_social_options":{"image_generator_settings":{"template":"highway","default_image_id":0,"font":"","enabled":false},"version":2}},"categories":[1334],"tags":[],"class_list":["post-5261","post","type-post","status-publish","format-standard","has-post-thumbnail","hentry","category-photographe"],"aioseo_notices":[],"jetpack_publicize_connections":[],"jetpack_featured_media_url":"https:\/\/i0.wp.com\/www.color-lounge.com\/blog\/wp-content\/uploads\/2011\/04\/Screen-shot-2011-04-30-at-11.24.55-AM.png?fit=748%2C575&ssl=1","jetpack_sharing_enabled":true,"jetpack_shortlink":"https:\/\/wp.me\/p5BAbw-1mR","_links":{"self":[{"href":"https:\/\/www.color-lounge.com\/blog\/wp-json\/wp\/v2\/posts\/5261","targetHints":{"allow":["GET"]}}],"collection":[{"href":"https:\/\/www.color-lounge.com\/blog\/wp-json\/wp\/v2\/posts"}],"about":[{"href":"https:\/\/www.color-lounge.com\/blog\/wp-json\/wp\/v2\/types\/post"}],"author":[{"embeddable":true,"href":"https:\/\/www.color-lounge.com\/blog\/wp-json\/wp\/v2\/users\/4"}],"replies":[{"embeddable":true,"href":"https:\/\/www.color-lounge.com\/blog\/wp-json\/wp\/v2\/comments?post=5261"}],"version-history":[{"count":0,"href":"https:\/\/www.color-lounge.com\/blog\/wp-json\/wp\/v2\/posts\/5261\/revisions"}],"wp:featuredmedia":[{"embeddable":true,"href":"https:\/\/www.color-lounge.com\/blog\/wp-json\/wp\/v2\/media\/4071"}],"wp:attachment":[{"href":"https:\/\/www.color-lounge.com\/blog\/wp-json\/wp\/v2\/media?parent=5261"}],"wp:term":[{"taxonomy":"category","embeddable":true,"href":"https:\/\/www.color-lounge.com\/blog\/wp-json\/wp\/v2\/categories?post=5261"},{"taxonomy":"post_tag","embeddable":true,"href":"https:\/\/www.color-lounge.com\/blog\/wp-json\/wp\/v2\/tags?post=5261"}],"curies":[{"name":"wp","href":"https:\/\/api.w.org\/{rel}","templated":true}]}}