{"id":4029,"date":"2013-02-08T20:07:40","date_gmt":"2013-02-08T11:07:40","guid":{"rendered":"http:\/\/www.color-lounge.com\/blog\/?p=4029"},"modified":"2013-02-08T13:10:48","modified_gmt":"2013-02-08T04:10:48","slug":"mon-exposition-french-duo","status":"publish","type":"post","link":"https:\/\/www.color-lounge.com\/blog\/2013\/mon-exposition-french-duo\/","title":{"rendered":"Mon exposition \u00ab\u00a0French duo\u00a0\u00bb"},"content":{"rendered":"<p>L\u00e0 encore, il est temps que je fasse un (tout petit) bilan de l&rsquo;expo qui s&rsquo;est d\u00e9roul\u00e9e \u00e0 l&rsquo;<a title=\"site officiel\" href=\"http:\/\/www.anaintercontinental-tokyo.jp\/e\/\" target=\"_blank\">h\u00f4tel international ANA<\/a> \u00e0 Tokyo. Ceci-dit, elle a \u00e9t\u00e9 prolong\u00e9e jusqu&rsquo;au 30 janvier soit quatre mois en tout, c&rsquo;est plut\u00f4t une tr\u00e8s bonne chose et cela me fait dire que je ne suis m\u00eame pas en retard pour en parler !<\/p>\n<p>Le bilan s&rsquo;en tiendra principalement \u00e0 quelques photo pour le souvenir et aussi pour donner un aper\u00e7u \u00e0 ceux qui n&rsquo;y sont pas all\u00e9s\/n&rsquo;ont pas pu y aller.<\/p>\n<p>La pr\u00e9paration fut assez difficile et les derniers jours tr\u00e8s tendus. Nous avons pass\u00e9 des heures dans le magasin o\u00f9 nous avons fait les passe-partout et les vendeurs ont \u00e9t\u00e9 adorables avec nous, r\u00e9pondant \u00e0 toutes nos demandes, nos exigences. Un peu avant la date de fin en novembre, les responsables de l&rsquo;h\u00f4tel nous ont demand\u00e9 de continuer pour deux mois suppl\u00e9mentaires ce que nous avons accept\u00e9 avec plaisir.<\/p>\n<p>Dans le grand hall de cet h\u00f4tel de standing, l&rsquo;atmosph\u00e8re est int\u00e9ressante et donnait un cadre <em>styl\u00e9<\/em> pour une exposition de photo comme la n\u00f4tre. Tr\u00e8s loin de la galerie, avec des gens qui ne viennent pas pour voir les \u0153uvres mais pour retrouver quelqu&rsquo;un, prendre une chambre, cela donne un public loin de l&rsquo;amateur d&rsquo;art. En se rendant au comptoir ou bien \u00e0 un restaurant, les gens s&rsquo;arr\u00eataient curieux, le regard attir\u00e9 par un d\u00e9tail ou une couleur. Finalement, je suis content de l&rsquo;endroit m\u00eame si on n&rsquo;y croise bien moins de clients potentiels pour la photographie. Quelques personnes sont venues me parler les fois o\u00f9 je retendais une photo, remettais un cadre droit et j&rsquo;eus le droit \u00e0 des retours positifs. Les amis\/connaissances qui s&rsquo;y sont rendus m&rsquo;ont aussi compliment\u00e9 et la question qui est revenue sans cesse et \u00e0 laquelle je n&rsquo;ai jamais r\u00e9pondu : <em>D&rsquo;o\u00f9 ont \u00e9t\u00e9 prises les photos ?<\/em> Je r\u00e9pondais syst\u00e9matiquement et avec un grand sourire : <em>Secret de fabrication !<\/em><\/p>\nngg_shortcode_0_placeholder\n","protected":false},"excerpt":{"rendered":"<p>L\u00e0 encore, il est temps que je fasse un (tout petit) bilan de l&rsquo;expo qui s&rsquo;est d\u00e9roul\u00e9e \u00e0 l&rsquo;h\u00f4tel international ANA \u00e0 Tokyo. Ceci-dit, elle a \u00e9t\u00e9 prolong\u00e9e jusqu&rsquo;au 30 janvier soit quatre mois en tout, c&rsquo;est plut\u00f4t une tr\u00e8s bonne chose et cela me fait dire que je ne suis m\u00eame pas en retard [&hellip;]<\/p>\n","protected":false},"author":2,"featured_media":6916,"comment_status":"open","ping_status":"open","sticky":false,"template":"","format":"standard","meta":{"ngg_post_thumbnail":0,"jetpack_post_was_ever_published":false,"_jetpack_newsletter_access":"","_jetpack_dont_email_post_to_subs":false,"_jetpack_newsletter_tier_id":0,"_jetpack_memberships_contains_paywalled_content":false,"_jetpack_memberships_contains_paid_content":false,"footnotes":"","jetpack_publicize_message":"","jetpack_publicize_feature_enabled":true,"jetpack_social_post_already_shared":false,"jetpack_social_options":{"image_generator_settings":{"template":"highway","default_image_id":0,"font":"","enabled":false},"version":2}},"categories":[8],"tags":[2501,2568,1227,2493],"class_list":["post-4029","post","type-post","status-publish","format-standard","has-post-thumbnail","hentry","category-photographie","tag-cedric-riveau","tag-exposition","tag-frenchduo","tag-photographie"],"aioseo_notices":[],"jetpack_publicize_connections":[],"jetpack_featured_media_url":"https:\/\/i0.wp.com\/www.color-lounge.com\/blog\/wp-content\/uploads\/2013\/02\/carte_expo_recto_A5.jpg?fit=600%2C800&ssl=1","jetpack_sharing_enabled":true,"jetpack_shortlink":"https:\/\/wp.me\/p5BAbw-12Z","_links":{"self":[{"href":"https:\/\/www.color-lounge.com\/blog\/wp-json\/wp\/v2\/posts\/4029","targetHints":{"allow":["GET"]}}],"collection":[{"href":"https:\/\/www.color-lounge.com\/blog\/wp-json\/wp\/v2\/posts"}],"about":[{"href":"https:\/\/www.color-lounge.com\/blog\/wp-json\/wp\/v2\/types\/post"}],"author":[{"embeddable":true,"href":"https:\/\/www.color-lounge.com\/blog\/wp-json\/wp\/v2\/users\/2"}],"replies":[{"embeddable":true,"href":"https:\/\/www.color-lounge.com\/blog\/wp-json\/wp\/v2\/comments?post=4029"}],"version-history":[{"count":15,"href":"https:\/\/www.color-lounge.com\/blog\/wp-json\/wp\/v2\/posts\/4029\/revisions"}],"predecessor-version":[{"id":6915,"href":"https:\/\/www.color-lounge.com\/blog\/wp-json\/wp\/v2\/posts\/4029\/revisions\/6915"}],"wp:featuredmedia":[{"embeddable":true,"href":"https:\/\/www.color-lounge.com\/blog\/wp-json\/wp\/v2\/media\/6916"}],"wp:attachment":[{"href":"https:\/\/www.color-lounge.com\/blog\/wp-json\/wp\/v2\/media?parent=4029"}],"wp:term":[{"taxonomy":"category","embeddable":true,"href":"https:\/\/www.color-lounge.com\/blog\/wp-json\/wp\/v2\/categories?post=4029"},{"taxonomy":"post_tag","embeddable":true,"href":"https:\/\/www.color-lounge.com\/blog\/wp-json\/wp\/v2\/tags?post=4029"}],"curies":[{"name":"wp","href":"https:\/\/api.w.org\/{rel}","templated":true}]}}