{"id":3916,"date":"2012-09-22T22:41:55","date_gmt":"2012-09-22T13:41:55","guid":{"rendered":"http:\/\/www.color-lounge.com\/blog\/?p=3916"},"modified":"2012-09-25T23:50:32","modified_gmt":"2012-09-25T14:50:32","slug":"french-duo","status":"publish","type":"post","link":"https:\/\/www.color-lounge.com\/blog\/2012\/french-duo\/","title":{"rendered":"French Duo"},"content":{"rendered":"<p>Du 28 septembre au 28 novembre 2012, j&rsquo;expose une s\u00e9rie de photographies avec mon ami et grand photographe : <a title=\"site officiel\" href=\"http:\/\/www.philippemarinig.fr\/\" target=\"_blank\">Philippe Marinig<\/a>.<br \/>\nNous avons d\u00e9cid\u00e9 de travailler sur un duo qui montre deux visions du Japon bien diff\u00e9rentes, pourtant compl\u00e9mentaires. D&rsquo;un c\u00f4t\u00e9 celle de Philippe avec des photos de <a title=\"Wikipedia\" href=\"http:\/\/en.wikipedia.org\/wiki\/Maiko\" target=\"_blank\"><em>maiko<\/em><\/a> dans les rues de Kyoto et la mienne avec des paysages urbains de nuit dans Tokyo. Le contraste donne un r\u00e9sultat int\u00e9ressant, une chose que j&rsquo;ai essay\u00e9 de mettre en avant dans la carte de l&rsquo;exposition. Nous exposons chacun 10 clich\u00e9s soit 20 au total avec des tirages de 60cm sur la plus grande longueur ainsi qu&rsquo;un tirage de taille B1 soit 1m sur 70cm.<\/p>\n<p>L&rsquo;exposition se tient au 1er, 2e et 3e \u00e9tage du hall de l&rsquo;<a title=\"Site officiel\" href=\"http:\/\/www.anaintercontinental-tokyo.jp\/\" target=\"_blank\">h\u00f4tel ANA Intercontinental<\/a>\u00a0de Tokyo \u00e0 Roppongi 1 chome. Le plan d&rsquo;acc\u00e8s est <a title=\"Site officiel\" href=\"http:\/\/www.anaintercontinental-tokyo.jp\/e\/access\/\" target=\"_blank\">ici en lien<\/a>.<\/p>\n<p>Pr\u00e9parer une exposition consomme un temps consid\u00e9rable et nous sommes sur un <em>timing<\/em> tr\u00e8s serr\u00e9 avec toutes les choses \u00e0 faire avant l&rsquo;ouverture la semaine prochaine. Mais quel plaisir et fiert\u00e9 d&rsquo;aboutir \u00e0 quelque chose de concret.<\/p>\n<p>Voici le recto et verso de la carte qui sera distribu\u00e9e ici.<br \/>\nRecto :<br \/>\n<img data-recalc-dims=\"1\" loading=\"lazy\" decoding=\"async\" data-attachment-id=\"3917\" data-permalink=\"https:\/\/www.color-lounge.com\/blog\/2012\/french-duo\/carte_expo_recto_email\/#main\" data-orig-file=\"https:\/\/i0.wp.com\/www.color-lounge.com\/blog\/wp-content\/uploads\/2012\/09\/carte_expo_recto_email.jpg?fit=800%2C563&amp;ssl=1\" data-orig-size=\"800,563\" data-comments-opened=\"1\" data-image-meta=\"{&quot;aperture&quot;:&quot;0&quot;,&quot;credit&quot;:&quot;&quot;,&quot;camera&quot;:&quot;&quot;,&quot;caption&quot;:&quot;&quot;,&quot;created_timestamp&quot;:&quot;0&quot;,&quot;copyright&quot;:&quot;&quot;,&quot;focal_length&quot;:&quot;0&quot;,&quot;iso&quot;:&quot;0&quot;,&quot;shutter_speed&quot;:&quot;0&quot;,&quot;title&quot;:&quot;&quot;}\" data-image-title=\"French Duo &amp;#8211; exposition\" data-image-description=\"\" data-image-caption=\"\" data-large-file=\"https:\/\/i0.wp.com\/www.color-lounge.com\/blog\/wp-content\/uploads\/2012\/09\/carte_expo_recto_email.jpg?fit=640%2C450&amp;ssl=1\" class=\"aligncenter size-full wp-image-3917\" title=\"French Duo - exposition\" src=\"https:\/\/i0.wp.com\/www.color-lounge.com\/blog\/wp-content\/uploads\/2012\/09\/carte_expo_recto_email.jpg?resize=640%2C450&#038;ssl=1\" alt=\"Cedric Riveau et Philippe Marinig\" width=\"640\" height=\"450\" srcset=\"https:\/\/i0.wp.com\/www.color-lounge.com\/blog\/wp-content\/uploads\/2012\/09\/carte_expo_recto_email.jpg?w=800&amp;ssl=1 800w, https:\/\/i0.wp.com\/www.color-lounge.com\/blog\/wp-content\/uploads\/2012\/09\/carte_expo_recto_email.jpg?resize=620%2C436&amp;ssl=1 620w, https:\/\/i0.wp.com\/www.color-lounge.com\/blog\/wp-content\/uploads\/2012\/09\/carte_expo_recto_email.jpg?resize=785%2C552&amp;ssl=1 785w, https:\/\/i0.wp.com\/www.color-lounge.com\/blog\/wp-content\/uploads\/2012\/09\/carte_expo_recto_email.jpg?resize=210%2C147&amp;ssl=1 210w\" sizes=\"auto, (max-width: 640px) 100vw, 640px\" \/><br \/>\nVerso :<br \/>\n<img data-recalc-dims=\"1\" loading=\"lazy\" decoding=\"async\" data-attachment-id=\"3918\" data-permalink=\"https:\/\/www.color-lounge.com\/blog\/2012\/french-duo\/carte_expo_verso_email\/#main\" data-orig-file=\"https:\/\/i0.wp.com\/www.color-lounge.com\/blog\/wp-content\/uploads\/2012\/09\/carte_expo_verso_email.jpg?fit=800%2C563&amp;ssl=1\" data-orig-size=\"800,563\" data-comments-opened=\"1\" data-image-meta=\"{&quot;aperture&quot;:&quot;0&quot;,&quot;credit&quot;:&quot;&quot;,&quot;camera&quot;:&quot;&quot;,&quot;caption&quot;:&quot;&quot;,&quot;created_timestamp&quot;:&quot;0&quot;,&quot;copyright&quot;:&quot;&quot;,&quot;focal_length&quot;:&quot;0&quot;,&quot;iso&quot;:&quot;0&quot;,&quot;shutter_speed&quot;:&quot;0&quot;,&quot;title&quot;:&quot;&quot;}\" data-image-title=\"French Duo &amp;#8211; exposition\" data-image-description=\"\" data-image-caption=\"\" data-large-file=\"https:\/\/i0.wp.com\/www.color-lounge.com\/blog\/wp-content\/uploads\/2012\/09\/carte_expo_verso_email.jpg?fit=640%2C450&amp;ssl=1\" class=\"aligncenter size-full wp-image-3918\" title=\"French Duo - exposition\" src=\"https:\/\/i0.wp.com\/www.color-lounge.com\/blog\/wp-content\/uploads\/2012\/09\/carte_expo_verso_email.jpg?resize=640%2C450&#038;ssl=1\" alt=\"Cedric Riveau et Philippe Marinig\" width=\"640\" height=\"450\" srcset=\"https:\/\/i0.wp.com\/www.color-lounge.com\/blog\/wp-content\/uploads\/2012\/09\/carte_expo_verso_email.jpg?w=800&amp;ssl=1 800w, https:\/\/i0.wp.com\/www.color-lounge.com\/blog\/wp-content\/uploads\/2012\/09\/carte_expo_verso_email.jpg?resize=620%2C436&amp;ssl=1 620w, https:\/\/i0.wp.com\/www.color-lounge.com\/blog\/wp-content\/uploads\/2012\/09\/carte_expo_verso_email.jpg?resize=785%2C552&amp;ssl=1 785w, https:\/\/i0.wp.com\/www.color-lounge.com\/blog\/wp-content\/uploads\/2012\/09\/carte_expo_verso_email.jpg?resize=210%2C147&amp;ssl=1 210w\" sizes=\"auto, (max-width: 640px) 100vw, 640px\" \/><\/p>\n","protected":false},"excerpt":{"rendered":"<p>Du 28 septembre au 28 novembre 2012, j&rsquo;expose une s\u00e9rie de photographies avec mon ami et grand photographe : Philippe Marinig. Nous avons d\u00e9cid\u00e9 de travailler sur un duo qui montre deux visions du Japon bien diff\u00e9rentes, pourtant compl\u00e9mentaires. D&rsquo;un c\u00f4t\u00e9 celle de Philippe avec des photos de maiko dans les rues de Kyoto et [&hellip;]<\/p>\n","protected":false},"author":2,"featured_media":3919,"comment_status":"open","ping_status":"open","sticky":false,"template":"","format":"standard","meta":{"ngg_post_thumbnail":0,"jetpack_post_was_ever_published":false,"_jetpack_newsletter_access":"","_jetpack_dont_email_post_to_subs":false,"_jetpack_newsletter_tier_id":0,"_jetpack_memberships_contains_paywalled_content":false,"_jetpack_memberships_contains_paid_content":false,"footnotes":"","jetpack_publicize_message":"","jetpack_publicize_feature_enabled":true,"jetpack_social_post_already_shared":false,"jetpack_social_options":{"image_generator_settings":{"template":"highway","default_image_id":0,"font":"","enabled":false},"version":2}},"categories":[8],"tags":[2501,2568,1227,2531,2493,2500],"class_list":["post-3916","post","type-post","status-publish","format-standard","has-post-thumbnail","hentry","category-photographie","tag-cedric-riveau","tag-exposition","tag-frenchduo","tag-philippe-marinig","tag-photographie","tag-tokyo"],"aioseo_notices":[],"jetpack_publicize_connections":[],"jetpack_featured_media_url":"https:\/\/i0.wp.com\/www.color-lounge.com\/blog\/wp-content\/uploads\/2012\/09\/carte_expo_recto_email1.jpg?fit=563%2C563&ssl=1","jetpack_sharing_enabled":true,"jetpack_shortlink":"https:\/\/wp.me\/p5BAbw-11a","_links":{"self":[{"href":"https:\/\/www.color-lounge.com\/blog\/wp-json\/wp\/v2\/posts\/3916","targetHints":{"allow":["GET"]}}],"collection":[{"href":"https:\/\/www.color-lounge.com\/blog\/wp-json\/wp\/v2\/posts"}],"about":[{"href":"https:\/\/www.color-lounge.com\/blog\/wp-json\/wp\/v2\/types\/post"}],"author":[{"embeddable":true,"href":"https:\/\/www.color-lounge.com\/blog\/wp-json\/wp\/v2\/users\/2"}],"replies":[{"embeddable":true,"href":"https:\/\/www.color-lounge.com\/blog\/wp-json\/wp\/v2\/comments?post=3916"}],"version-history":[{"count":16,"href":"https:\/\/www.color-lounge.com\/blog\/wp-json\/wp\/v2\/posts\/3916\/revisions"}],"predecessor-version":[{"id":3935,"href":"https:\/\/www.color-lounge.com\/blog\/wp-json\/wp\/v2\/posts\/3916\/revisions\/3935"}],"wp:featuredmedia":[{"embeddable":true,"href":"https:\/\/www.color-lounge.com\/blog\/wp-json\/wp\/v2\/media\/3919"}],"wp:attachment":[{"href":"https:\/\/www.color-lounge.com\/blog\/wp-json\/wp\/v2\/media?parent=3916"}],"wp:term":[{"taxonomy":"category","embeddable":true,"href":"https:\/\/www.color-lounge.com\/blog\/wp-json\/wp\/v2\/categories?post=3916"},{"taxonomy":"post_tag","embeddable":true,"href":"https:\/\/www.color-lounge.com\/blog\/wp-json\/wp\/v2\/tags?post=3916"}],"curies":[{"name":"wp","href":"https:\/\/api.w.org\/{rel}","templated":true}]}}