{"id":3824,"date":"2012-03-11T22:35:43","date_gmt":"2012-03-11T13:35:43","guid":{"rendered":"http:\/\/www.color-lounge.com\/blog\/?p=3824"},"modified":"2013-03-11T22:21:17","modified_gmt":"2013-03-11T13:21:17","slug":"un-an-apres-11-mars-2012","status":"publish","type":"post","link":"https:\/\/www.color-lounge.com\/blog\/2012\/un-an-apres-11-mars-2012\/","title":{"rendered":"Un an apr\u00e8s &#8211; 11 mars 2012"},"content":{"rendered":"<p>Pif paf ! \u00c7a fait un an.<br \/>\nJ&rsquo;avais dit que je ferais quelque chose pour les gens du Tohoku, je n&rsquo;ai rien fait. J&rsquo;avais dit que je ferais du b\u00e9n\u00e9volat pour aller aider les gens sur place, je ne l&rsquo;ai pas fait. Piteux, je voulais tout de m\u00eame comm\u00e9morer \u00e0 ma modeste fa\u00e7on cette date anniversaire et me rendre au grand rassemblement au parc Hibiya en plein Tokyo.<br \/>\nIl s&rsquo;y est d\u00e9roul\u00e9 deux choses : un rassemblement organis\u00e9 par <em><a title=\"site\" href=\"http:\/\/www.peaceonearth.jp\/\" target=\"_blank\">Peace on Earth<\/a>\u00a0<\/em>avec des tentes et des stands ainsi qu&rsquo;avec des artistes et des personnalit\u00e9s qui \u00e9tait venus faire un discours ou une performance.<br \/>\nPas tr\u00e8s loin, les gens se regroupaient pour la tr\u00e8s grande manifestation antinucl\u00e9aire qui commen\u00e7ait \u00e0 15h.<\/p>\n<p>Je suis d&rsquo;abord pass\u00e9 au <em>sitting<\/em> devant les minist\u00e8res qui se trouve l\u00e0 depuis des mois et des mois pour faire de nouvelles rencontres et voir des gens que j&rsquo;avais d\u00e9j\u00e0 vus pour mon projet <a title=\"projet\" href=\"http:\/\/www.color-lounge.com\/news\/category\/du-jour\/\" target=\"_blank\">portrait du jour<\/a>. Je suis ensuite all\u00e9 au parc pour continuer mes portraits et voir les installations.<br \/>\nJe suis arriv\u00e9 en m\u00eame temps que les hordes de flics qui allaient encadrer la manifestation mais qui sont rest\u00e9s autour du parc. \u00c0\u00a0l&rsquo;int\u00e9rieur, on ne les voyait pas ou en tout cas, on ne voyait pas d&rsquo;uniforme. L&rsquo;ambiance autour du rassemblement de la manifestation \u00e9tait excellente. Lorsque je suis arriv\u00e9, il n&rsquo;y avait pas beaucoup de monde et les organisateurs ou les groupes programm\u00e9s se pr\u00e9paraient. Tr\u00e8s rapidement, en l&rsquo;espace de 45 minutes, le nombre de personnes a \u00e9t\u00e9 multipli\u00e9 et il devenait tr\u00e8s difficile de se d\u00e9placer ou au moment du d\u00e9part, impossible de bouger.<\/p>\n<p>Du c\u00f4t\u00e9 des tentes de <em>Peace on Earth<\/em>, j&rsquo;avais l&rsquo;impression de me retrouver \u00e0 un march\u00e9 car on trouvait sous les tentes des associations ou magasins qui vendaient leur truc. Ambiance baba cool \u00e0 fond et stands de bouffe. J&rsquo;ai moyennement aim\u00e9 et trouv\u00e9 cela inappropri\u00e9 par rapport \u00e0 l&rsquo;\u00e9v\u00e9nement. Il y avait de v\u00e9ritables organisations connues qui r\u00e9coltaient des fonds. Cela \u00e9tait un tr\u00e8s bonne chose. Mais les autres qui vendaient des pierres, des tee-shirts, des bougies ou que-sais-je-encore n&rsquo;avaient rien \u00e0 y faire \u00e0 mon go\u00fbt.<br \/>\nJe tenais pourtant \u00e0 \u00eatre au niveau de la sc\u00e8ne de concerts en plein air pour la minute de silence \u00e0 14h46 exactement. Voir la vid\u00e9o plus bas. J&rsquo;ai \u00e9t\u00e9 tr\u00e8s \u00e9mu durant cette courte minute car il s&rsquo;en est d\u00e9gag\u00e9 un profond respect vis-\u00e0-vis de la catastrophe et des victimes. J&rsquo;avais les larmes aux yeux, comme beaucoup, devant cette immense foule de plusieurs milliers de personnes qui se taisaient.<\/p>\n<p>Par la suite, j&rsquo;ai pris part \u00e0 la manifestation et nous avons fait un grand tour en passant par Ginza. Si l&rsquo;ambiance et le nombre de personnes m&rsquo;ont rappel\u00e9 des souvenirs de manifestations en France, le fait que la circulation ne soit pas interdite \u00e0 ce moment-l\u00e0, que les flics nous cantonnent dans la file de gauche tout en encadrant des bouts de cort\u00e8ges a quelque chose d&rsquo;aberrant. Cette ville est capable de fermer des avenues tr\u00e8s fr\u00e9quent\u00e9es les dimanches durant l&rsquo;ann\u00e9e mais pas de laisser des manifestants occuper le bitume. Tout cela pour laisser la place aux voitures&#8230;<\/p>\n<p>La journ\u00e9e s&rsquo;est termin\u00e9e par une cha\u00eene humaine \u00e9clair\u00e9e \u00e0 la bougie tout autour de la maison du Premier ministre. Depuis la rue, il \u00e9tait tr\u00e8s difficile de se rendre compte du succ\u00e8s de l&rsquo;op\u00e9ration. Au moment de r\u00e9diger ces lignes, j&rsquo;attends toujours une photo d&rsquo;h\u00e9licopt\u00e8re qui montrerait si la cha\u00eene a fonctionn\u00e9 ou non comme le nombre de participants \u00e0 la manifestation.<\/p>\n<p>Le v\u00e9ritable aspect n\u00e9gatif de cette journ\u00e9e fut les nationalistes qui sont venus foutrent le bordel, il n&rsquo;y a pas d&rsquo;autres mots. J&rsquo;ai d&rsquo;abord aper\u00e7u un petit groupe de 3 ou 4 allum\u00e9s qui faisaient des saluts nazis devant notre passage et gueulaient sur l&rsquo;utilit\u00e9 du nucl\u00e9aire. Quand on sait que <a title=\"wikipedia\" href=\"http:\/\/en.wikipedia.org\/wiki\/Yasuhiro_Nakasone\" target=\"_blank\">Nakasone<\/a> a tout fait dans ce domaine, on comprend qu&rsquo;ils soient l\u00e0&#8230; \u00c0\u00a0la fin de la manifestation et au d\u00e9but de la cha\u00eene humaine, ils sont venus avec leurs fameux v\u00e9hicules noirs peintur\u00e9s du nom de leur groupe et \u00e9quip\u00e9s de haut-parleurs puissants dans lesquels ils nous insultaient en nous traitant de connards ou d&rsquo;abrutis. \u00c0\u00a0l&rsquo;abri de leur v\u00e9hicule, \u00e9quip\u00e9s de mani\u00e8re disproportionn\u00e9e puisqu&rsquo;ils sont soutenus par des fonds importants, ils venaient nous insulter. J&rsquo;ai d\u00e9couvert un degr\u00e9 de l\u00e2chet\u00e9 que je ne soup\u00e7onnais pas et une pr\u00e9sence parfaitement d\u00e9plac\u00e9e qui donnait la naus\u00e9e.<br \/>\nngg_shortcode_0_placeholder<\/p>\n<p>Voici une vid\u00e9o de la minute de silence au milieu du parc. Vous m&rsquo;excuserez mais je portais mon appareil photo \u00e0 bout de bras et j&rsquo;\u00e9tais tr\u00e8s \u00e9mu. \u00c7a tremble et le soleil \u00e9tait pile poil dans le champ&#8230;<br \/>\n<div style=\"width: 640px;\" class=\"wp-video\"><video class=\"wp-video-shortcode\" id=\"video-3824-1\" width=\"640\" height=\"360\" preload=\"metadata\" controls=\"controls\"><source type=\"video\/mp4\" src=\"https:\/\/www.color-lounge.com\/blog\/wp-content\/uploads\/2012\/03\/11-mars-2012.mp4?_=1\" \/><a href=\"https:\/\/www.color-lounge.com\/blog\/wp-content\/uploads\/2012\/03\/11-mars-2012.mp4\">https:\/\/www.color-lounge.com\/blog\/wp-content\/uploads\/2012\/03\/11-mars-2012.mp4<\/a><\/video><\/div><\/p>\n<p>La minute de silence officielle avec l&rsquo;Empereur et le Premier ministre :<br \/>\n<div style=\"width: 640px;\" class=\"wp-video\"><video class=\"wp-video-shortcode\" id=\"video-3824-2\" width=\"640\" height=\"360\" preload=\"metadata\" controls=\"controls\"><source type=\"video\/mp4\" src=\"https:\/\/www.color-lounge.com\/blog\/wp-content\/uploads\/2012\/03\/NHK_world.mp4?_=2\" \/><a href=\"https:\/\/www.color-lounge.com\/blog\/wp-content\/uploads\/2012\/03\/NHK_world.mp4\">https:\/\/www.color-lounge.com\/blog\/wp-content\/uploads\/2012\/03\/NHK_world.mp4<\/a><\/video><\/div><\/p>\n<p>La minute de silence \u00e0 Shibuya par <a title=\"Blog\" href=\"http:\/\/blog.benoa.net\/2012\/03\/silence-in-shibuya.html\" target=\"_blank\">Benoa<\/a> :<br \/>\n<iframe loading=\"lazy\" src=\"http:\/\/player.vimeo.com\/video\/38301441?byline=0&amp;portrait=0&amp;color=ff9933\" frameborder=\"0\" width=\"640\" height=\"360\"><\/iframe><\/p>\n<p>La minute de silence \u00e0 Osaka par <a title=\"blog\" href=\"http:\/\/www.horizonsdujapon.com\/article-1minute-1japon-4-fukushima-tsunami-minute-de-silence-rassemblement-tohoku-101360327.html\" target=\"_blank\">Horizon du Japon<\/a> :<br \/>\n<iframe loading=\"lazy\" src=\"http:\/\/www.youtube.com\/embed\/-dl9H331pho?rel=0\" frameborder=\"0\" width=\"640\" height=\"360\"><\/iframe><\/p>\n","protected":false},"excerpt":{"rendered":"<p>Pif paf ! \u00c7a fait un an. J&rsquo;avais dit que je ferais quelque chose pour les gens du Tohoku, je n&rsquo;ai rien fait. J&rsquo;avais dit que je ferais du b\u00e9n\u00e9volat pour aller aider les gens sur place, je ne l&rsquo;ai pas fait. Piteux, je voulais tout de m\u00eame comm\u00e9morer \u00e0 ma modeste fa\u00e7on cette date [&hellip;]<\/p>\n","protected":false},"author":2,"featured_media":3825,"comment_status":"open","ping_status":"open","sticky":false,"template":"","format":"standard","meta":{"ngg_post_thumbnail":0,"jetpack_post_was_ever_published":false,"_jetpack_newsletter_access":"","_jetpack_dont_email_post_to_subs":false,"_jetpack_newsletter_tier_id":0,"_jetpack_memberships_contains_paywalled_content":false,"_jetpack_memberships_contains_paid_content":false,"footnotes":"","jetpack_publicize_message":"","jetpack_publicize_feature_enabled":true,"jetpack_social_post_already_shared":false,"jetpack_social_options":{"image_generator_settings":{"template":"highway","default_image_id":0,"font":"","enabled":false},"version":2}},"categories":[6],"tags":[2561,2489,2560,1488,2575],"class_list":["post-3824","post","type-post","status-publish","format-standard","has-post-thumbnail","hentry","category-japon","tag-11-mars","tag-japon","tag-seisme","tag-tohoku-2","tag-tsunami"],"aioseo_notices":[],"jetpack_publicize_connections":[],"jetpack_featured_media_url":"https:\/\/i0.wp.com\/www.color-lounge.com\/blog\/wp-content\/uploads\/2012\/03\/P1050497.jpg?fit=700%2C700&ssl=1","jetpack_sharing_enabled":true,"jetpack_shortlink":"https:\/\/wp.me\/p5BAbw-ZG","_links":{"self":[{"href":"https:\/\/www.color-lounge.com\/blog\/wp-json\/wp\/v2\/posts\/3824","targetHints":{"allow":["GET"]}}],"collection":[{"href":"https:\/\/www.color-lounge.com\/blog\/wp-json\/wp\/v2\/posts"}],"about":[{"href":"https:\/\/www.color-lounge.com\/blog\/wp-json\/wp\/v2\/types\/post"}],"author":[{"embeddable":true,"href":"https:\/\/www.color-lounge.com\/blog\/wp-json\/wp\/v2\/users\/2"}],"replies":[{"embeddable":true,"href":"https:\/\/www.color-lounge.com\/blog\/wp-json\/wp\/v2\/comments?post=3824"}],"version-history":[{"count":17,"href":"https:\/\/www.color-lounge.com\/blog\/wp-json\/wp\/v2\/posts\/3824\/revisions"}],"predecessor-version":[{"id":16264,"href":"https:\/\/www.color-lounge.com\/blog\/wp-json\/wp\/v2\/posts\/3824\/revisions\/16264"}],"wp:featuredmedia":[{"embeddable":true,"href":"https:\/\/www.color-lounge.com\/blog\/wp-json\/wp\/v2\/media\/3825"}],"wp:attachment":[{"href":"https:\/\/www.color-lounge.com\/blog\/wp-json\/wp\/v2\/media?parent=3824"}],"wp:term":[{"taxonomy":"category","embeddable":true,"href":"https:\/\/www.color-lounge.com\/blog\/wp-json\/wp\/v2\/categories?post=3824"},{"taxonomy":"post_tag","embeddable":true,"href":"https:\/\/www.color-lounge.com\/blog\/wp-json\/wp\/v2\/tags?post=3824"}],"curies":[{"name":"wp","href":"https:\/\/api.w.org\/{rel}","templated":true}]}}