{"id":3635,"date":"2011-10-04T21:59:16","date_gmt":"2011-10-04T12:59:16","guid":{"rendered":"http:\/\/www.color-lounge.com\/blog\/?p=3635"},"modified":"2011-10-04T23:27:25","modified_gmt":"2011-10-04T14:27:25","slug":"souvenirs-de-kyoto","status":"publish","type":"post","link":"https:\/\/www.color-lounge.com\/blog\/2011\/souvenirs-de-kyoto\/","title":{"rendered":"Souvenirs de Kyoto"},"content":{"rendered":"<p>J&rsquo;ai fait un passage tr\u00e8s bref \u00e0 Kyoto les 27 et 28 septembre. Cela faisait bien longtemps que je n&rsquo;y \u00e9tais pas all\u00e9. Mon ami <a title=\"Site\" href=\"http:\/\/www.philippemarinig.fr\/\" target=\"_blank\">Philippe<\/a> est dans le pays pour trois mois et reste \u00e0 Kyoto pour son nouveau projet photographique apr\u00e8s <a title=\"Sumo\" href=\"http:\/\/www.philippemarinig.fr\/fr\/portfolio-8068-0-40-o-sumo-san.html\" target=\"_blank\">les sumos<\/a>. Un projet qui m&rsquo;a permis de faire une rencontre colossale dont je parlerai peut-\u00eatre plus tard, une rencontre avec une femme qui a un r\u00f4le essentiel dans la r\u00e9putation de Kyoto.<br \/>\nJe suis donc all\u00e9 \u00e0 Kyoto pour voir Philippe et cela a aussi \u00e9t\u00e9 l&rsquo;occasion de me rendre dans un temple o\u00f9 je voulais aller depuis longtemps : Fushimi-Inari Taisha avec ses fameuses <a title=\"Wikipedia\" href=\"http:\/\/fr.wikipedia.org\/wiki\/Torii\" target=\"_blank\">portes<\/a> align\u00e9es les unes derri\u00e8re les autres.<br \/>\nLa premi\u00e8re journ\u00e9e fut consacr\u00e9e \u00e0 des balades dans les rues de Gion ou Pontocho avec des rencontres pour mes portraits du jour et la deuxi\u00e8me au patrimoine avec la visite harassante de Fushimi-Inari Taisha et Toji et sa pagode.<\/p>\n<p>Premi\u00e8re journ\u00e9e<br \/>\n<img data-recalc-dims=\"1\" loading=\"lazy\" decoding=\"async\" class=\"alignnone\" title=\"shinkansen\" src=\"https:\/\/i0.wp.com\/www.color-lounge.com\/blog\/galeries\/kyoto-2011\/p1020186.jpg?resize=640%2C640&#038;ssl=1\" alt=\"\" width=\"640\" height=\"640\" \/><br \/>\nDans le shinkansen, j&rsquo;ai commenc\u00e9 mes portraits du jour avec deux h\u00f4tesses qui poussent les chariots de victuailles pour les passagers puis avec deux lyc\u00e9ennes, \u00e9l\u00e9ments d&rsquo;un groupe scolaire qui emplissait tout un wagon. Les filles essayaient de communiquer avec moi en anglais et nous nous sommes bien amus\u00e9s. En arrivant vers 12h, me trompant pour prendre le bus qui m&#8217;emm\u00e8nerait au point de rendez-vous, j&rsquo;ai pris quelques photos \u00ab\u00a0graphiques\u00a0\u00bb dans la fameuse gare de Kyoto, tr\u00e8s moderne par <a title=\"Wikipedia\" href=\"http:\/\/fr.wikipedia.org\/wiki\/Hiroshi_Hara\" target=\"_blank\">Hiroshi Hara<\/a>.<br \/>\nSous un soleil radieux, j&rsquo;ai retrouv\u00e9 Philippe et nous avons commenc\u00e9 notre balade avec quelques terrasses pour se reposer et profiter de l&rsquo;astre du jour. Dans le quartier de Pontocho, encore ferm\u00e9 en milieu de l&rsquo;apr\u00e8s-midi, nous sommes tomb\u00e9s sur des batiments ou endroits \u00e9tonnants avec <a title=\"Site\" href=\"http:\/\/www.sexonthemoon.jp\/\" target=\"_blank\">Sex on the moon<\/a> en t\u00eate.<br \/>\nNous sommes ensuite all\u00e9s \u00e0 la <a title=\"Villa\" href=\"http:\/\/www.facebook.com\/group.php?gid=21055414260\" target=\"_blank\">villa Kujoyama<\/a> o\u00f9 il r\u00e9side. Un endroit \u00e9tonnant sur le flanc de la montagne avec une architecture particuli\u00e8re en b\u00e9ton qui n&rsquo;est pas sans me d\u00e9plaire. C&rsquo;\u00e9tait juste avant notre rendez-vous avec cette dame tr\u00e8s importante de Kyoto que j&rsquo;ai bien \u00e9videmment prise en photo pour un portrait.<br \/>\nJusqu&rsquo;au soir, nous avons continu\u00e9 notre promenade avec un passage \u00e0 un spectacle de bunraku &#8211; une premi\u00e8re &#8211; et un restaurant de sushi. La ville est tout aussi contrast\u00e9 que Tokyo avec des rues ultra modernes, d&rsquo;autres glauques et juste \u00e0 c\u00f4t\u00e9, une rue traditionnelle, comme dans un film, avec des murs en torchis et un petit canal. Nous sommes aussi pass\u00e9s par le quartier chaud de Higashiyama avec ses bars \u00e0 h\u00f4tesses qu&rsquo;on voit sur le trottoir pour attirer le client. L\u00e0, je suis entr\u00e9 d&rsquo;un seul coup dans une boutique de ces robes tr\u00e8s kitsch, tr\u00e8s longues qui habillent les h\u00f4tesses pour faire le portrait de la vendeuse qui s&rsquo;est \u00e9touff\u00e9 pendant 2-3 minutes suite \u00e0 ma demande soudaine. Nous en avons bien ri.<\/p>\n<p>Deuxi\u00e8me journ\u00e9e<br \/>\n<img data-recalc-dims=\"1\" loading=\"lazy\" decoding=\"async\" class=\"alignnone\" title=\"Fushimi-Inari taisha torii\" src=\"https:\/\/i0.wp.com\/www.color-lounge.com\/blog\/galeries\/kyoto-2011\/p1020292.jpg?resize=640%2C640&#038;ssl=1\" alt=\"\" width=\"640\" height=\"640\" \/><br \/>\nR\u00e9veill\u00e9 vers 8h, je suis parti rapidement faire des photos de la villa pendant que Philippe dormait encore. Du haut des escaliers d&rsquo;acc\u00e8s que plus personne n&rsquo;utilisent, j&rsquo;ai aper\u00e7u un pr\u00eatre, le blanc de sa tenue rayonnant \u00e0 travers la cime des arbres. Comme j&rsquo;\u00e9tais \u00e0 Kyoto, il me fallait un portrait du jour avec un homme de religion ! Je l&rsquo;ai abord\u00e9 alors qu&rsquo;il retournait vers o\u00f9 il \u00e9tait venu. Il a accept\u00e9 sans probl\u00e8me en me disant qu&rsquo;il valait mieux le prendre devant son temple. Du coup, il m&rsquo;a fait passer par le chemin des \u00e9coliers &#8211; chez lui &#8211; pour \u00e9viter de monter et de descendre. Compl\u00e8tement par hasard et en ignorant tout des alentours, je me suis retrouv\u00e9 dans le plus vieux temple de Kyoto, perdu au milieu des arbres : le <a title=\"Himukai\" href=\"http:\/\/www12.plala.or.jp\/himukai\/\" target=\"_blank\">temple Grand Himukai<\/a> ! Un endroit magnifique et authentique. Il a m\u00eame appel\u00e9 sa fille pour que je la prenne aussi en photo. Un homme adorable. La situation du lieu \u00e9tait une pr\u00e9figuration de la longue journ\u00e9e de marche, de randonn\u00e9e.<br \/>\nDerri\u00e8re le temple <a title=\"Fushimi-Inari taisha\" href=\"http:\/\/inari.jp\/\" target=\"_blank\">Fushimi-Inari Taisha<\/a> se trouve le mont Inari qu&rsquo;on finit par grimper, emporter par toutes ces portes &#8211; plus de 30.000 &#8211; qui balisent le chemin. Si les 4 kilom\u00e8tres se font en 2 heures, nous en avons mis trois \u00e0 force de nous arr\u00eater un peu partout pour prendre des photos l&rsquo;un comme l&rsquo;autre. Nous avons fini par aller jusqu&rsquo;au sommet en se disant que comme cela, on pourrait se vanter de l&rsquo;avoir fait. Mission accomplie. Mais seul l&rsquo;alignement qui se trouve juste derri\u00e8re le temple principal est impressionnant. Ces portes, plus petites, sont coll\u00e9es les unes aux autres.<br \/>\nIl n&rsquo;y a pas que 30.000 portes, il doit aussi y avoir le double en araign\u00e9es&#8230; je devrais plut\u00f4t dire \u00ab\u00a0arachnides\u00a0\u00bb car <a title=\"Wikipedia\" href=\"http:\/\/fr.wikipedia.org\/wiki\/Paul_Verhoeven\" target=\"_blank\">Paul Verhoeven<\/a> a certainement vu ces \u00ab\u00a0machins\u00a0\u00bb avant de faire <a title=\"image\" href=\"http:\/\/thereelseal.files.wordpress.com\/2011\/08\/starship_troopers.jpg\" target=\"_blank\">Starship troopers<\/a>. Des couleurs et une forme d&rsquo;une autre plan\u00e8te !<br \/>\nNous avons aussi d\u00e9couvert qu&rsquo;on peut se payer une porte dont le prix est fix\u00e9 selon le diam\u00e8tre des pieds. Le prix monte jusqu&rsquo;\u00e0 1,5 millions de yens&#8230; Nous n&rsquo;\u00e9tions pas les seuls \u00e0 monter et en cours de route, nous avons crois\u00e9 un des peintres des portes et deux jeunes filles en yukata juste o\u00f9 il fallait pour la carte postale !<br \/>\nNous sommes \u00e9galement pass\u00e9s au temple Toji qui est connu pour ses tr\u00e9sors et sa pagode, la plus haute du Japon.<br \/>\nQuand j&rsquo;ai pris le train ce soir-l\u00e0, j&rsquo;en avais plein les pattes mais surtout plein les yeux.<\/p>\n<p>Plus de d\u00e9tail sur les rencontres des portraits du jour : le <a title=\"Portrait du jour\" href=\"http:\/\/www.color-lounge.com\/news\/2011\/09\/portrait-du-jour-117\/\" target=\"_blank\">27 septembre<\/a> et le <a title=\"Portrait du jour\" href=\"http:\/\/www.color-lounge.com\/news\/2011\/09\/portrait-du-jour-118\/\" target=\"_blank\">28 septembre<\/a>.<br \/>\nngg_shortcode_0_placeholder<\/p>\n","protected":false},"excerpt":{"rendered":"<p>J&rsquo;ai fait un passage tr\u00e8s bref \u00e0 Kyoto les 27 et 28 septembre. Cela faisait bien longtemps que je n&rsquo;y \u00e9tais pas all\u00e9. Mon ami Philippe est dans le pays pour trois mois et reste \u00e0 Kyoto pour son nouveau projet photographique apr\u00e8s les sumos. Un projet qui m&rsquo;a permis de faire une rencontre colossale [&hellip;]<\/p>\n","protected":false},"author":2,"featured_media":3650,"comment_status":"open","ping_status":"open","sticky":false,"template":"","format":"standard","meta":{"ngg_post_thumbnail":0,"jetpack_post_was_ever_published":false,"_jetpack_newsletter_access":"","_jetpack_dont_email_post_to_subs":false,"_jetpack_newsletter_tier_id":0,"_jetpack_memberships_contains_paywalled_content":false,"_jetpack_memberships_contains_paid_content":false,"footnotes":"","jetpack_publicize_message":"","jetpack_publicize_feature_enabled":true,"jetpack_social_post_already_shared":false,"jetpack_social_options":{"image_generator_settings":{"template":"highway","default_image_id":0,"font":"","enabled":false},"version":2}},"categories":[6,8,13],"tags":[2504,1081,2493,2495],"class_list":["post-3635","post","type-post","status-publish","format-standard","has-post-thumbnail","hentry","category-japon","category-photographie","category-voyages","tag-journal-de-voyage","tag-kyoto-2","tag-photographie","tag-voyages"],"aioseo_notices":[],"jetpack_publicize_connections":[],"jetpack_featured_media_url":"https:\/\/i0.wp.com\/www.color-lounge.com\/blog\/wp-content\/uploads\/2011\/10\/P1020292.jpg?fit=800%2C800&ssl=1","jetpack_sharing_enabled":true,"jetpack_shortlink":"https:\/\/wp.me\/p5BAbw-WD","_links":{"self":[{"href":"https:\/\/www.color-lounge.com\/blog\/wp-json\/wp\/v2\/posts\/3635","targetHints":{"allow":["GET"]}}],"collection":[{"href":"https:\/\/www.color-lounge.com\/blog\/wp-json\/wp\/v2\/posts"}],"about":[{"href":"https:\/\/www.color-lounge.com\/blog\/wp-json\/wp\/v2\/types\/post"}],"author":[{"embeddable":true,"href":"https:\/\/www.color-lounge.com\/blog\/wp-json\/wp\/v2\/users\/2"}],"replies":[{"embeddable":true,"href":"https:\/\/www.color-lounge.com\/blog\/wp-json\/wp\/v2\/comments?post=3635"}],"version-history":[{"count":17,"href":"https:\/\/www.color-lounge.com\/blog\/wp-json\/wp\/v2\/posts\/3635\/revisions"}],"predecessor-version":[{"id":3654,"href":"https:\/\/www.color-lounge.com\/blog\/wp-json\/wp\/v2\/posts\/3635\/revisions\/3654"}],"wp:featuredmedia":[{"embeddable":true,"href":"https:\/\/www.color-lounge.com\/blog\/wp-json\/wp\/v2\/media\/3650"}],"wp:attachment":[{"href":"https:\/\/www.color-lounge.com\/blog\/wp-json\/wp\/v2\/media?parent=3635"}],"wp:term":[{"taxonomy":"category","embeddable":true,"href":"https:\/\/www.color-lounge.com\/blog\/wp-json\/wp\/v2\/categories?post=3635"},{"taxonomy":"post_tag","embeddable":true,"href":"https:\/\/www.color-lounge.com\/blog\/wp-json\/wp\/v2\/tags?post=3635"}],"curies":[{"name":"wp","href":"https:\/\/api.w.org\/{rel}","templated":true}]}}