{"id":3498,"date":"2011-08-01T10:07:57","date_gmt":"2011-08-01T01:07:57","guid":{"rendered":"http:\/\/www.color-lounge.com\/blog\/?p=3498"},"modified":"2011-07-31T01:13:25","modified_gmt":"2011-07-30T16:13:25","slug":"a-moi-paris","status":"publish","type":"post","link":"https:\/\/www.color-lounge.com\/blog\/2011\/a-moi-paris\/","title":{"rendered":"\u00c0 moi Paris !"},"content":{"rendered":"<p>Petit passage \u00e0 Paris avec huit jours sur place. Paris au mois d&rsquo;ao\u00fbt&#8230; \u00e7a doit faire quoi ? 12 ans ? 13 ans ?&#8230;<br \/>\n\u00c0 moi les balades, la <a title=\"La Place\" href=\"http:\/\/fr.wikipedia.org\/wiki\/Place_des_Petits-P\u00e8res\" target=\"_blank\">Place des Petits P\u00e8res<\/a>, les <a title=\"les passages \u00e0 Paris\" href=\"http:\/\/www.passagesetgaleries.org\/\" target=\"_blank\">passages du 2e arrondissement<\/a>, les \u00e9piceries fines comme <a title=\"Da Rosa\" href=\"http:\/\/www.darosa.fr\/\" target=\"_blank\">Da Rosa<\/a>, les g\u00e2teaux, les yaourts, les Danette au chocolat chez <a title=\"Monoprix\" href=\"http:\/\/www.monoprix.fr\/\" target=\"_blank\">Monoprix<\/a>, les tableaux de <a title=\"Memling sur Wikipedia\" href=\"http:\/\/en.wikipedia.org\/wiki\/Hans_Memling\" target=\"_blank\">Memling<\/a> au <a title=\"Louvre\" href=\"http:\/\/www.louvre.fr\/\" target=\"_blank\">Louvre<\/a>, un verre au <a title=\"Coutume Caf\u00e9\" href=\"http:\/\/www.coutumecafe.com\/\" target=\"_blank\">Coutume Caf\u00e9<\/a> ou \u00e0 l&rsquo;<a title=\"Apparemment caf\u00e9\" href=\"http:\/\/webzak.free.fr\/apparemmentcafe.htm\" target=\"_blank\">Apparemment caf\u00e9<\/a>, mes deux marques de chemises pr\u00e9f\u00e9r\u00e9es, un th\u00e9 chez <a title=\"Mariages Fr\u00e8res\" href=\"http:\/\/www.mariagefreres.com\/\" target=\"_blank\">Mariages Fr\u00e8res<\/a> rue du Bourg-Tibourg, des <a title=\"Wikipedia\" href=\"http:\/\/fr.wikipedia.org\/wiki\/Mezz\u00e9\" target=\"_blank\">mezz\u00e9s<\/a> ou falafels dans la rue des Rosiers, une pause dans l&rsquo;<a title=\"Saint Gervais\" href=\"http:\/\/jerusalem.cef.fr\/paris-saint-gervais\" target=\"_blank\">\u00e9glise Saint Gervais<\/a>, un th\u00e9 \u00e0 la menthe \u00e0 la <a title=\"Mosqu\u00e9e de Paris\" href=\"http:\/\/www.mosquee-de-paris.org\/\" target=\"_blank\">mosqu\u00e9e de Paris<\/a>, un d\u00eener au <a title=\"Polidor\" href=\"http:\/\/www.polidor.com\/\" target=\"_blank\">Polidor<\/a>, les derniers trucs inutiles \u00e0 la mode chez <a title=\"Colette\" href=\"http:\/\/www.colette.fr\/\" target=\"_blank\">Colette<\/a>&#8230;<br \/>\nMerde mais je ne vais pas avoir assez de temps !<br \/>\nAllez zou ! 12h20 de vol avec 9720 kms. Baby !<br \/>\n<img data-recalc-dims=\"1\" loading=\"lazy\" decoding=\"async\" data-attachment-id=\"3512\" data-permalink=\"https:\/\/www.color-lounge.com\/blog\/2011\/a-moi-paris\/q23\/#main\" data-orig-file=\"https:\/\/i0.wp.com\/www.color-lounge.com\/blog\/wp-content\/uploads\/2011\/07\/q23.jpg?fit=500%2C624&amp;ssl=1\" data-orig-size=\"500,624\" data-comments-opened=\"1\" data-image-meta=\"{&quot;aperture&quot;:&quot;0&quot;,&quot;credit&quot;:&quot;&quot;,&quot;camera&quot;:&quot;&quot;,&quot;caption&quot;:&quot;&quot;,&quot;created_timestamp&quot;:&quot;0&quot;,&quot;copyright&quot;:&quot;&quot;,&quot;focal_length&quot;:&quot;0&quot;,&quot;iso&quot;:&quot;0&quot;,&quot;shutter_speed&quot;:&quot;0&quot;,&quot;title&quot;:&quot;&quot;}\" data-image-title=\"Vintage airline airplane picture\" data-image-description=\"\" data-image-caption=\"\" data-large-file=\"https:\/\/i0.wp.com\/www.color-lounge.com\/blog\/wp-content\/uploads\/2011\/07\/q23.jpg?fit=500%2C624&amp;ssl=1\" class=\"size-full wp-image-3512 aligncenter\" title=\"Vintage airline airplane picture\" src=\"https:\/\/i0.wp.com\/www.color-lounge.com\/blog\/wp-content\/uploads\/2011\/07\/q23.jpg?resize=500%2C624&#038;ssl=1\" alt=\"Vintage\" width=\"500\" height=\"624\" srcset=\"https:\/\/i0.wp.com\/www.color-lounge.com\/blog\/wp-content\/uploads\/2011\/07\/q23.jpg?w=500&amp;ssl=1 500w, https:\/\/i0.wp.com\/www.color-lounge.com\/blog\/wp-content\/uploads\/2011\/07\/q23.jpg?resize=200%2C249&amp;ssl=1 200w\" sizes=\"auto, (max-width: 500px) 100vw, 500px\" \/><\/p>\n","protected":false},"excerpt":{"rendered":"<p>Petit passage \u00e0 Paris avec huit jours sur place. Paris au mois d&rsquo;ao\u00fbt&#8230; \u00e7a doit faire quoi ? 12 ans ? 13 ans ?&#8230; \u00c0 moi les balades, la Place des Petits P\u00e8res, les passages du 2e arrondissement, les \u00e9piceries fines comme Da Rosa, les g\u00e2teaux, les yaourts, les Danette au chocolat chez Monoprix, les [&hellip;]<\/p>\n","protected":false},"author":2,"featured_media":3569,"comment_status":"open","ping_status":"open","sticky":false,"template":"","format":"standard","meta":{"ngg_post_thumbnail":0,"jetpack_post_was_ever_published":false,"_jetpack_newsletter_access":"","_jetpack_dont_email_post_to_subs":false,"_jetpack_newsletter_tier_id":0,"_jetpack_memberships_contains_paywalled_content":false,"_jetpack_memberships_contains_paid_content":false,"footnotes":"","jetpack_publicize_message":"","jetpack_publicize_feature_enabled":true,"jetpack_social_post_already_shared":false,"jetpack_social_options":{"image_generator_settings":{"template":"highway","default_image_id":0,"font":"","enabled":false},"version":2}},"categories":[13],"tags":[2504,64,2495],"class_list":["post-3498","post","type-post","status-publish","format-standard","has-post-thumbnail","hentry","category-voyages","tag-journal-de-voyage","tag-paris","tag-voyages"],"aioseo_notices":[],"jetpack_publicize_connections":[],"jetpack_featured_media_url":"https:\/\/i0.wp.com\/www.color-lounge.com\/blog\/wp-content\/uploads\/2011\/07\/caravelle.jpg?fit=567%2C567&ssl=1","jetpack_sharing_enabled":true,"jetpack_shortlink":"https:\/\/wp.me\/p5BAbw-Uq","_links":{"self":[{"href":"https:\/\/www.color-lounge.com\/blog\/wp-json\/wp\/v2\/posts\/3498","targetHints":{"allow":["GET"]}}],"collection":[{"href":"https:\/\/www.color-lounge.com\/blog\/wp-json\/wp\/v2\/posts"}],"about":[{"href":"https:\/\/www.color-lounge.com\/blog\/wp-json\/wp\/v2\/types\/post"}],"author":[{"embeddable":true,"href":"https:\/\/www.color-lounge.com\/blog\/wp-json\/wp\/v2\/users\/2"}],"replies":[{"embeddable":true,"href":"https:\/\/www.color-lounge.com\/blog\/wp-json\/wp\/v2\/comments?post=3498"}],"version-history":[{"count":18,"href":"https:\/\/www.color-lounge.com\/blog\/wp-json\/wp\/v2\/posts\/3498\/revisions"}],"predecessor-version":[{"id":3571,"href":"https:\/\/www.color-lounge.com\/blog\/wp-json\/wp\/v2\/posts\/3498\/revisions\/3571"}],"wp:featuredmedia":[{"embeddable":true,"href":"https:\/\/www.color-lounge.com\/blog\/wp-json\/wp\/v2\/media\/3569"}],"wp:attachment":[{"href":"https:\/\/www.color-lounge.com\/blog\/wp-json\/wp\/v2\/media?parent=3498"}],"wp:term":[{"taxonomy":"category","embeddable":true,"href":"https:\/\/www.color-lounge.com\/blog\/wp-json\/wp\/v2\/categories?post=3498"},{"taxonomy":"post_tag","embeddable":true,"href":"https:\/\/www.color-lounge.com\/blog\/wp-json\/wp\/v2\/tags?post=3498"}],"curies":[{"name":"wp","href":"https:\/\/api.w.org\/{rel}","templated":true}]}}