{"id":3320,"date":"2011-03-12T11:17:03","date_gmt":"2011-03-12T02:17:03","guid":{"rendered":"http:\/\/www.color-lounge.com\/blog\/?p=3320"},"modified":"2013-03-11T22:21:17","modified_gmt":"2013-03-11T13:21:17","slug":"magnitude-8-8","status":"publish","type":"post","link":"https:\/\/www.color-lounge.com\/blog\/2011\/magnitude-8-8\/","title":{"rendered":"Magnitude 8.8"},"content":{"rendered":"<p>11 mars 11 restera dans les m\u00e9moires et dans l&rsquo;histoire.<br \/>\n<img data-recalc-dims=\"1\" loading=\"lazy\" decoding=\"async\" data-attachment-id=\"3325\" data-permalink=\"https:\/\/www.color-lounge.com\/blog\/2011\/magnitude-8-8\/20110311_0062\/#main\" data-orig-file=\"https:\/\/i0.wp.com\/www.color-lounge.com\/blog\/wp-content\/uploads\/2011\/03\/20110311_0062.jpg?fit=800%2C464&amp;ssl=1\" data-orig-size=\"800,464\" data-comments-opened=\"1\" data-image-meta=\"{&quot;aperture&quot;:&quot;0&quot;,&quot;credit&quot;:&quot;&quot;,&quot;camera&quot;:&quot;&quot;,&quot;caption&quot;:&quot;&quot;,&quot;created_timestamp&quot;:&quot;0&quot;,&quot;copyright&quot;:&quot;Cedric Riveau&quot;,&quot;focal_length&quot;:&quot;0&quot;,&quot;iso&quot;:&quot;0&quot;,&quot;shutter_speed&quot;:&quot;0&quot;,&quot;title&quot;:&quot;&quot;}\" data-image-title=\"Magnitude 8.8\" data-image-description=\"\" data-image-caption=\"\" data-large-file=\"https:\/\/i0.wp.com\/www.color-lounge.com\/blog\/wp-content\/uploads\/2011\/03\/20110311_0062.jpg?fit=640%2C371&amp;ssl=1\" class=\"aligncenter size-medium wp-image-3325\" title=\"Magnitude 8.8\" src=\"https:\/\/i0.wp.com\/www.color-lounge.com\/blog\/wp-content\/uploads\/2011\/03\/20110311_0062.jpg?resize=620%2C359&#038;ssl=1\" alt=\"Magnitude 8.8\" width=\"620\" height=\"359\" srcset=\"https:\/\/i0.wp.com\/www.color-lounge.com\/blog\/wp-content\/uploads\/2011\/03\/20110311_0062.jpg?resize=620%2C359&amp;ssl=1 620w, https:\/\/i0.wp.com\/www.color-lounge.com\/blog\/wp-content\/uploads\/2011\/03\/20110311_0062.jpg?resize=200%2C116&amp;ssl=1 200w, https:\/\/i0.wp.com\/www.color-lounge.com\/blog\/wp-content\/uploads\/2011\/03\/20110311_0062.jpg?w=800&amp;ssl=1 800w\" sizes=\"auto, (max-width: 620px) 100vw, 620px\" \/><br \/>\n\u00c0 l&rsquo;heure o\u00f9 je r\u00e9dige ces lignes, le lendemain matin du s\u00e9isme, les informations du drame continuent d&rsquo;affluer, des gens continuent \u00e0 essayer de rentrer chez eux, le gaz commence \u00e0 revenir (pas d&rsquo;eau chaude depuis) et les r\u00e9pliques continuent.<br \/>\nLe premier tremblement &#8211; celui de 8.8 &#8211; est arriv\u00e9 \u00e0 14h46 et il y a eu 79 r\u00e9pliques jusqu&rsquo;\u00e0 minuit dont 6 au-dessus de 5.8 \u00e0 7.4<br \/>\nEn ce 12 mars, depuis minuit, (il est 10h13) il y a eu d\u00e9j\u00e0 84 r\u00e9pliques dont 3 de 5.2 \u00e0 6.6<br \/>\nC&rsquo;est le plus choquant pour moi et peut-\u00eatre pour beaucoup de gens, le sol ne tient plus, le sol n&rsquo;est pas stable, le sol bouge tout le temps !<\/p>\n<p>Au moment du plus gros, j&rsquo;\u00e9tais &#8211; avec beaucoup de coll\u00e8gues &#8211; au troisi\u00e8me \u00e9tage d&rsquo;un vieux b\u00e2timent. Si la hauteur n&rsquo;est pas si importante (des gens au 20e \u00e9tage par exemple ont d\u00fb avoir tr\u00e8s peur), la vieillesse des murs s&rsquo;est ressentie et cela tanguait fortement. Debout sur la terrasse, au lieu de me r\u00e9fugier en bas comme tout le monde&#8230;, j&rsquo;ai perdu l&rsquo;\u00e9quilibre deux fois pendant que je marchais. Quand j&rsquo;ai enfin pu descendre, j&rsquo;ai d\u00e9couvert des fissures tr\u00e8s impressionnantes qui avaient \u00e9miett\u00e9 les murs.<\/p>\n<p>Dans le jardin en bas, tous ensemble, les informations sur le choc tectonique commen\u00e7aient \u00e0 arriver : le pays arr\u00eat\u00e9, le tsunami, des maisons \u00e9croul\u00e9es&#8230; le r\u00e9seau t\u00e9l\u00e9phonique \u00e9tait compl\u00e8tement satur\u00e9, la ligne fixe marchait mal&#8230; seul la connexion Internet fonctionnait : vive l&rsquo;iPhone ! Le pays tout entier, sauf peut-\u00eatre du c\u00f4t\u00e9 d&rsquo;Okinawa, sur environ 3000 kilom\u00e8tres, avait trembl\u00e9 !<br \/>\nDe retour \u00e0 la maison avec Thomas qui ne pouvait pas rentrer chez lui &#8211; pas de train &#8211; je constatais ici aussi la puissance de l&rsquo;\u00e9v\u00e9nement. Rien de cass\u00e9 mais des choses par terre un peu partout : des bo\u00eetes de chaussures, des \u00e9l\u00e9ments de la biblioth\u00e8que, l&rsquo;iMac d\u00e9plac\u00e9 au milieu du bureau, des tiroirs qui s&rsquo;\u00e9taient ouverts&#8230;<\/p>\n<p>Quand Thomas et moi sommes sortis pour retrouver Noriko avec qui j&rsquo;arrivais \u00e0 avoir des mails \u00e9pisodiques via son t\u00e9l\u00e9phone, nous avons d\u00e9couvert un Tokyo comme nous ne l&rsquo;avions jamais vu : des embouteillages \u00e0 des endroits inhabituels bien s\u00fbr mais surtout, des gens partout&#8230; des milliers de gens marchant dans les rues pour rentrer chez eux ou du moins se diriger vers leur habitation. Parmi eux, des gens avec des casques de s\u00e9curit\u00e9, des casques qu&rsquo;on trouve dans tous les tiroirs de bureaux dans toutes les entreprises du pays. Tr\u00e8s impressionnant. Quand il pleut, les magasins se frottent les mains car ils multiplient leur vente de parapluies qu&rsquo;on trouve pour pas grand chose ici. Hier soir, ce sont les vendeurs de v\u00e9lo qui se frottaient les mains. Comme les sup\u00e9rettes et les restaurants, ils ont \u00e9t\u00e9 pris d&rsquo;assaut permettant \u00e0 certains de rentrer chez eux.<\/p>\n<p>Et je ne parle pas de toutes les images de la t\u00e9l\u00e9vision qui montre le drame dans le nord du pays&#8230; en comparaison, on a rien eu ici&#8230;<br \/>\nLe 11 mars 11, une date dont on se souviendra.<br \/>\nngg_shortcode_0_placeholder<\/p>\n","protected":false},"excerpt":{"rendered":"<p>11 mars 11 restera dans les m\u00e9moires et dans l&rsquo;histoire. \u00c0 l&rsquo;heure o\u00f9 je r\u00e9dige ces lignes, le lendemain matin du s\u00e9isme, les informations du drame continuent d&rsquo;affluer, des gens continuent \u00e0 essayer de rentrer chez eux, le gaz commence \u00e0 revenir (pas d&rsquo;eau chaude depuis) et les r\u00e9pliques continuent. Le premier tremblement &#8211; celui [&hellip;]<\/p>\n","protected":false},"author":2,"featured_media":3553,"comment_status":"open","ping_status":"open","sticky":false,"template":"","format":"standard","meta":{"ngg_post_thumbnail":0,"jetpack_post_was_ever_published":false,"_jetpack_newsletter_access":"","_jetpack_dont_email_post_to_subs":false,"_jetpack_newsletter_tier_id":0,"_jetpack_memberships_contains_paywalled_content":false,"_jetpack_memberships_contains_paid_content":false,"footnotes":"","jetpack_publicize_message":"","jetpack_publicize_feature_enabled":true,"jetpack_social_post_already_shared":false,"jetpack_social_options":{"image_generator_settings":{"template":"highway","default_image_id":0,"font":"","enabled":false},"version":2}},"categories":[6],"tags":[2561,2489,2560,1488,2500,2575],"class_list":["post-3320","post","type-post","status-publish","format-standard","has-post-thumbnail","hentry","category-japon","tag-11-mars","tag-japon","tag-seisme","tag-tohoku-2","tag-tokyo","tag-tsunami"],"aioseo_notices":[],"jetpack_publicize_connections":[],"jetpack_featured_media_url":"https:\/\/i0.wp.com\/www.color-lounge.com\/blog\/wp-content\/uploads\/2011\/03\/IMG_0128.jpg?fit=612%2C612&ssl=1","jetpack_sharing_enabled":true,"jetpack_shortlink":"https:\/\/wp.me\/p5BAbw-Ry","_links":{"self":[{"href":"https:\/\/www.color-lounge.com\/blog\/wp-json\/wp\/v2\/posts\/3320","targetHints":{"allow":["GET"]}}],"collection":[{"href":"https:\/\/www.color-lounge.com\/blog\/wp-json\/wp\/v2\/posts"}],"about":[{"href":"https:\/\/www.color-lounge.com\/blog\/wp-json\/wp\/v2\/types\/post"}],"author":[{"embeddable":true,"href":"https:\/\/www.color-lounge.com\/blog\/wp-json\/wp\/v2\/users\/2"}],"replies":[{"embeddable":true,"href":"https:\/\/www.color-lounge.com\/blog\/wp-json\/wp\/v2\/comments?post=3320"}],"version-history":[{"count":12,"href":"https:\/\/www.color-lounge.com\/blog\/wp-json\/wp\/v2\/posts\/3320\/revisions"}],"predecessor-version":[{"id":6408,"href":"https:\/\/www.color-lounge.com\/blog\/wp-json\/wp\/v2\/posts\/3320\/revisions\/6408"}],"wp:featuredmedia":[{"embeddable":true,"href":"https:\/\/www.color-lounge.com\/blog\/wp-json\/wp\/v2\/media\/3553"}],"wp:attachment":[{"href":"https:\/\/www.color-lounge.com\/blog\/wp-json\/wp\/v2\/media?parent=3320"}],"wp:term":[{"taxonomy":"category","embeddable":true,"href":"https:\/\/www.color-lounge.com\/blog\/wp-json\/wp\/v2\/categories?post=3320"},{"taxonomy":"post_tag","embeddable":true,"href":"https:\/\/www.color-lounge.com\/blog\/wp-json\/wp\/v2\/tags?post=3320"}],"curies":[{"name":"wp","href":"https:\/\/api.w.org\/{rel}","templated":true}]}}