{"id":3056,"date":"2010-10-29T22:33:41","date_gmt":"2010-10-29T13:33:41","guid":{"rendered":"http:\/\/www.color-lounge.com\/blog\/?p=3056"},"modified":"2010-10-30T20:44:27","modified_gmt":"2010-10-30T11:44:27","slug":"tokyo-designers-week","status":"publish","type":"post","link":"https:\/\/www.color-lounge.com\/blog\/2010\/tokyo-designers-week\/","title":{"rendered":"Tokyo Designers Week"},"content":{"rendered":"<p>Visite de la <em><a title=\"Site officiel\" href=\"http:\/\/www.tdwa.com\/english\" target=\"_blank\">Tokyo Designers Week<\/a><\/em> en ce vendredi 29 octobre apr\u00e8s-midi. Jour d&rsquo;ouverture oblige, tous les organisateurs sont pr\u00e9sents dans les all\u00e9es comme dans les talk show ou les cocktails.<\/p>\n<p><img data-recalc-dims=\"1\" loading=\"lazy\" decoding=\"async\" data-attachment-id=\"3061\" data-permalink=\"https:\/\/www.color-lounge.com\/blog\/2010\/tokyo-designers-week\/dsc_7511\/#main\" data-orig-file=\"https:\/\/i0.wp.com\/www.color-lounge.com\/blog\/wp-content\/uploads\/2010\/10\/DSC_7511.jpg?fit=800%2C536&amp;ssl=1\" data-orig-size=\"800,536\" data-comments-opened=\"1\" data-image-meta=\"{&quot;aperture&quot;:&quot;0&quot;,&quot;credit&quot;:&quot;Cedric Riveau&quot;,&quot;camera&quot;:&quot;&quot;,&quot;caption&quot;:&quot;&quot;,&quot;created_timestamp&quot;:&quot;0&quot;,&quot;copyright&quot;:&quot;Cedric Riveau&quot;,&quot;focal_length&quot;:&quot;0&quot;,&quot;iso&quot;:&quot;0&quot;,&quot;shutter_speed&quot;:&quot;0&quot;,&quot;title&quot;:&quot;&quot;}\" data-image-title=\"DSC_7511\" data-image-description=\"\" data-image-caption=\"\" data-large-file=\"https:\/\/i0.wp.com\/www.color-lounge.com\/blog\/wp-content\/uploads\/2010\/10\/DSC_7511.jpg?fit=640%2C429&amp;ssl=1\" class=\"aligncenter size-medium wp-image-3061\" title=\"DSC_7511\" src=\"https:\/\/i0.wp.com\/www.color-lounge.com\/blog\/wp-content\/uploads\/2010\/10\/DSC_7511.jpg?resize=620%2C415&#038;ssl=1\" alt=\"\" width=\"620\" height=\"415\" srcset=\"https:\/\/i0.wp.com\/www.color-lounge.com\/blog\/wp-content\/uploads\/2010\/10\/DSC_7511.jpg?resize=620%2C415&amp;ssl=1 620w, https:\/\/i0.wp.com\/www.color-lounge.com\/blog\/wp-content\/uploads\/2010\/10\/DSC_7511.jpg?resize=200%2C134&amp;ssl=1 200w, https:\/\/i0.wp.com\/www.color-lounge.com\/blog\/wp-content\/uploads\/2010\/10\/DSC_7511.jpg?w=800&amp;ssl=1 800w\" sizes=\"auto, (max-width: 620px) 100vw, 620px\" \/>En mission pour <a title=\"NEON Magazine\" href=\"http:\/\/www.neonmag.com\/2010\/10\/tokyo-designers-week-2\/\" target=\"_blank\">NEON Magazine<\/a>, Beno\u00eet et moi avons atterri dans cette foire qui oscille entre la <a title=\"Site de la FIAC\" href=\"http:\/\/www.fiac.com\" target=\"_blank\">FIAC<\/a>, le <a title=\"Site officiel\" href=\"http:\/\/www.concours-lepine.fr\" target=\"_blank\">concours L\u00e9pine<\/a> et la garden party pour jeunes designers en recherche de clients. Il y a de tout mais surtout une ambiance tr\u00e8s d\u00e9contract\u00e9e o\u00f9 tout le monde vient vous parler &#8211; dans un anglais plus ou moins approximatif &#8211; pour vous pr\u00e9senter ses produits ou vous demander votre carte de visite. Ma plus grande surprise fut de d\u00e9couvrir le grand nombre de designers de tous les pays &#8211; de la France au Japon bien s\u00fbr en passant par la Pologne &#8211; ce qui donne une dimension internationale \u00e0 l&rsquo;\u00e9v\u00e9nement qui est loin de me d\u00e9plaire.<\/p>\n<p>Juste peut-\u00eatre pas assez d&rsquo;\u00e9clairage \u00e0 mon go\u00fbt &#8211; eu \u00e9gard \u00e0 ma passion pour les lampes &#8211; mais des cr\u00e9ations de tout type, parfois fades, classes ou mignonnes. De tout pour faire un monde comme disait mon arri\u00e8re grand-m\u00e8re.<\/p>\nngg_shortcode_0_placeholder\n","protected":false},"excerpt":{"rendered":"<p>Visite de la Tokyo Designers Week en ce vendredi 29 octobre apr\u00e8s-midi. Jour d&rsquo;ouverture oblige, tous les organisateurs sont pr\u00e9sents dans les all\u00e9es comme dans les talk show ou les cocktails. En mission pour NEON Magazine, Beno\u00eet et moi avons atterri dans cette foire qui oscille entre la FIAC, le concours L\u00e9pine et la garden [&hellip;]<\/p>\n","protected":false},"author":2,"featured_media":3691,"comment_status":"open","ping_status":"open","sticky":false,"template":"","format":"standard","meta":{"ngg_post_thumbnail":0,"jetpack_post_was_ever_published":false,"_jetpack_newsletter_access":"","_jetpack_dont_email_post_to_subs":false,"_jetpack_newsletter_tier_id":0,"_jetpack_memberships_contains_paywalled_content":false,"_jetpack_memberships_contains_paid_content":false,"footnotes":"","jetpack_publicize_message":"","jetpack_publicize_feature_enabled":true,"jetpack_social_post_already_shared":false,"jetpack_social_options":{"image_generator_settings":{"template":"highway","default_image_id":0,"font":"","enabled":false},"version":2}},"categories":[7,6],"tags":[2491,2489,677,2493,2500],"class_list":["post-3056","post","type-post","status-publish","format-standard","has-post-thumbnail","hentry","category-design","category-japon","tag-design","tag-japon","tag-neon-magazine","tag-photographie","tag-tokyo"],"aioseo_notices":[],"jetpack_publicize_connections":[],"jetpack_featured_media_url":"https:\/\/i0.wp.com\/www.color-lounge.com\/blog\/wp-content\/uploads\/2010\/10\/DSC_75111.jpg?fit=700%2C700&ssl=1","jetpack_sharing_enabled":true,"jetpack_shortlink":"https:\/\/wp.me\/p5BAbw-Ni","_links":{"self":[{"href":"https:\/\/www.color-lounge.com\/blog\/wp-json\/wp\/v2\/posts\/3056","targetHints":{"allow":["GET"]}}],"collection":[{"href":"https:\/\/www.color-lounge.com\/blog\/wp-json\/wp\/v2\/posts"}],"about":[{"href":"https:\/\/www.color-lounge.com\/blog\/wp-json\/wp\/v2\/types\/post"}],"author":[{"embeddable":true,"href":"https:\/\/www.color-lounge.com\/blog\/wp-json\/wp\/v2\/users\/2"}],"replies":[{"embeddable":true,"href":"https:\/\/www.color-lounge.com\/blog\/wp-json\/wp\/v2\/comments?post=3056"}],"version-history":[{"count":8,"href":"https:\/\/www.color-lounge.com\/blog\/wp-json\/wp\/v2\/posts\/3056\/revisions"}],"predecessor-version":[{"id":3065,"href":"https:\/\/www.color-lounge.com\/blog\/wp-json\/wp\/v2\/posts\/3056\/revisions\/3065"}],"wp:featuredmedia":[{"embeddable":true,"href":"https:\/\/www.color-lounge.com\/blog\/wp-json\/wp\/v2\/media\/3691"}],"wp:attachment":[{"href":"https:\/\/www.color-lounge.com\/blog\/wp-json\/wp\/v2\/media?parent=3056"}],"wp:term":[{"taxonomy":"category","embeddable":true,"href":"https:\/\/www.color-lounge.com\/blog\/wp-json\/wp\/v2\/categories?post=3056"},{"taxonomy":"post_tag","embeddable":true,"href":"https:\/\/www.color-lounge.com\/blog\/wp-json\/wp\/v2\/tags?post=3056"}],"curies":[{"name":"wp","href":"https:\/\/api.w.org\/{rel}","templated":true}]}}