{"id":2183,"date":"2009-12-17T15:49:59","date_gmt":"2009-12-17T06:49:59","guid":{"rendered":"http:\/\/www.color-lounge.com\/blog\/?p=2183"},"modified":"2013-02-03T11:38:48","modified_gmt":"2013-02-03T02:38:48","slug":"entrez-je-vous-en-prie","status":"publish","type":"post","link":"https:\/\/www.color-lounge.com\/blog\/2009\/entrez-je-vous-en-prie\/","title":{"rendered":"Entrez, je vous en prie&#8230;"},"content":{"rendered":"<blockquote><p>One sits more comfortably on a color that one likes.<br \/>\nVerner Panton<\/p><\/blockquote>\n<p>En ce moment et jusqu&rsquo;au 27 d\u00e9cembre, <em><a title=\"Site officiel\" href=\"http:\/\/www.operacity.jp\/en\/ag\/\" target=\"_blank\">Art Gallery<\/a><\/em> de <em><a title=\"Site officiel\" href=\"http:\/\/www.operacity.jp\/en\/\" target=\"_blank\">Tokyo Opera city<\/a><\/em> accueille la retrospective sur Verner Panton, le designer de mon enfance, le designer que tout le monde conna\u00eet (peut-\u00eatre sans le savoir), le designer \u00e0 la bonne t\u00eate barbue.<br \/>\nNoriko m&rsquo;appelait pour que je vienne voir une page internet qu&rsquo;elle avait trouv\u00e9e. Elle avait d\u00e9nich\u00e9 la perle des expositions dont j&rsquo;ignorais absolument la venue au Japon!<br \/>\n&#8211; Aaaaaah! Panton! Aaaaaah, il faut y aller tout de suite!<br \/>\nJe distinguais l&rsquo;installation de <em>Visiona 2<\/em> sur la page de <em><a title=\"Site de TAB\" href=\"http:\/\/www.tokyoartbeat.com\/\" target=\"_blank\">Tokyo Art Beat<\/a><\/em> (<em>aka<\/em> TAB) puis \u00e0 nouveau sur la page du site de <em>Art Gallery<\/em>&#8230; les yeux brillants, m&rsquo;imaginant &#8211; comme les gens sur la photos &#8211; install\u00e9 \u00e0 l&rsquo;int\u00e9rieur. Ce fut possible! Tous les deux, \u00e0 un moment au-dessus, \u00e0 un moment en dessous, nous prenions des poses comme si nous \u00e9tions chez nous, comme les gens sur la photo originale.<br \/>\nTout y est: des chaises, des lampes (Aaaaaah les lampes!!!), des int\u00e9rieurs, des tissus\/toiles, des fauteuils, du mobilier&#8230;<br \/>\n\u00c0\u00a0chaque pas, je criais: <em>Noriko regaaaaarde!<\/em><br \/>\n\u00c0\u00a0chaque pas Noriko criait: <em>Oh c&rsquo;est toi!<\/em><\/p>\n<p><img data-recalc-dims=\"1\" decoding=\"async\" src=\"https:\/\/i0.wp.com\/www.color-lounge.com\/blog\/wp-content\/uploads\/2009\/12\/Hamburg-1973%281%29.jpg?w=640&#038;ssl=1\" alt=\"Visiona 2 - 1970\" \/><br \/>\n<strong> Verner Panton<\/strong><br \/>\nN\u00e9 en 1926 &#8211; d\u00e9c\u00e9d\u00e9 en 1998 &#8211; ses ann\u00e9es fastes se sont d\u00e9roul\u00e9es pendant les ann\u00e9es 60 et au d\u00e9but des ann\u00e9es 70. L&rsquo;objet embl\u00e9matique est sa chaise &#8211; la <em>Panton chair<\/em> sortie en 1961 -, l&rsquo;objet que tout le monde \u00e0 d\u00e9j\u00e0 vu dans sa vie mais qui me para\u00eet peu repr\u00e9sentatif de son travail. Il a \u00e9t\u00e9 particuli\u00e8rement productif en ce qui concerne la d\u00e9coration d&rsquo;int\u00e9rieur avec notamment des projets importants comme la maison d&rsquo;\u00e9dition du <em>Spiegel<\/em> \u00e0 Hambourg en 1969, la maison d&rsquo;\u00e9dition &#8211; toujours \u00e0 Hambourg &#8211; de <em>Gruner und Jahr<\/em> en 1971, le <em>Bella center<\/em> \u00e0 Copenhagen en 1972 ou encore le restaurant <em>Varna<\/em> au Danemark aussi en 1971 pour ne citer qu&rsquo;eux&#8230;<br \/>\nOn l&rsquo;ignore sans doute mais il a aussi particip\u00e9 au projet du mus\u00e9e Pompidou. Malheureusement, le colis contenant sa proposition architecturale a \u00e9t\u00e9 perdu par la poste (trop fort la poste&#8230;) et n&rsquo;a donc pas \u00e9t\u00e9 retenue. Il s&rsquo;\u00e9tait pourtant \u00e9norm\u00e9ment investi dedans. Je n&rsquo;aurais peut-\u00eatre pas appel\u00e9 Pompidou \u00ab\u00a0Tout au tuyaux\u00a0\u00bb comme je le faisais quand j&rsquo;\u00e9tais enfant et que mes parents m&#8217;emmenait l\u00e0 bas pour des expos ou pour la m\u00e9diath\u00e8que que j&rsquo;adorais.<br \/>\n&#8211; <em>C\u00e9dric, on a va \u00e0 \u00ab\u00a0Tout en tuyaux\u00a0\u00bb!<\/em> disait maman.<br \/>\nNon, j&rsquo;aurais peut-\u00eatre dit \u00ab\u00a0Tout en cerceaux\u00a0\u00bb&#8230;<br \/>\nLe clou du spectacle dans la salle des si\u00e8ges est une s\u00e9rie de photos avec Amanda Lear intitul\u00e9e <em>How to undress in front of your husband<\/em>, le tout accompli sur une <em>panton chair<\/em>.<br \/>\n&#8211; <em>Noriko prend des notes, prends des notes!<\/em><br \/>\nSes associations de couleurs et son travail avec des formes g\u00e9om\u00e9triques basiques m&rsquo;ont toujours fascin\u00e9s, m&rsquo;ont toujours inspir\u00e9s. J&rsquo;ai beaucoup d&rsquo;admiration pour l&rsquo;homme et sa vie.<\/p>\n<p style=\"text-align: center;\"><a href=\"http:\/\/feedburner.google.com\/fb\/a\/mailverify?uri=ColorLounge&amp;loc=fr_FR\">Inscription au blog Color Lounge par email<\/a><\/p>\n<p>&#8212;&#8212;&#8212;&#8212;&#8212;&#8212;&#8212;&#8212;&#8212;&#8212;&#8212;&#8212;&#8212;&#8212;&#8212;&#8212;&#8212;&#8212;&#8212;<br \/>\nAfin de compl\u00e9ter la galerie de photographies prises durant la promenade dans les salles (photos interdites&#8230;), je me suis permis d&rsquo;utiliser des clich\u00e9s et des vid\u00e9os du <a title=\"Site de Verner Panton\" href=\"http:\/\/www.verner-panton.com\" target=\"_blank\">verner-panton.com<\/a>, le site officiel sur l&rsquo;\u0153uvre de l&rsquo;homme. Apr\u00e8s les vid\u00e9os ci-desous, vous trouverez la galerie photo.<\/p>\n<p>Les vid\u00e9os:<br \/>\n[flashvideo filename=video\/Hamburg_1969.flv \/]<br \/>\n[flashvideo filename=video\/Spaces_1970.flv \/]<\/p>\n<p>Les photos:<br \/>\nPassez votre souris sur la droite des photos de la galerie et cliquez pour voir la suivante.<br \/>\nngg_shortcode_0_placeholder<\/p>\n","protected":false},"excerpt":{"rendered":"<p>One sits more comfortably on a color that one likes. Verner Panton En ce moment et jusqu&rsquo;au 27 d\u00e9cembre, Art Gallery de Tokyo Opera city accueille la retrospective sur Verner Panton, le designer de mon enfance, le designer que tout le monde conna\u00eet (peut-\u00eatre sans le savoir), le designer \u00e0 la bonne t\u00eate barbue. Noriko [&hellip;]<\/p>\n","protected":false},"author":2,"featured_media":6148,"comment_status":"open","ping_status":"open","sticky":false,"template":"","format":"standard","meta":{"ngg_post_thumbnail":0,"jetpack_post_was_ever_published":false,"_jetpack_newsletter_access":"","_jetpack_dont_email_post_to_subs":false,"_jetpack_newsletter_tier_id":0,"_jetpack_memberships_contains_paywalled_content":false,"_jetpack_memberships_contains_paid_content":false,"footnotes":"","jetpack_publicize_message":"","jetpack_publicize_feature_enabled":true,"jetpack_social_post_already_shared":false,"jetpack_social_options":{"image_generator_settings":{"template":"highway","default_image_id":0,"font":"","enabled":false},"version":2}},"categories":[7],"tags":[2497,2491,1408],"class_list":["post-2183","post","type-post","status-publish","format-standard","has-post-thumbnail","hentry","category-design","tag-couleur","tag-design","tag-verner-panton"],"aioseo_notices":[],"jetpack_publicize_connections":[],"jetpack_featured_media_url":"https:\/\/i0.wp.com\/www.color-lounge.com\/blog\/wp-content\/uploads\/2009\/12\/mira-x-collection-1969-711.jpg?fit=667%2C667&ssl=1","jetpack_sharing_enabled":true,"jetpack_shortlink":"https:\/\/wp.me\/p5BAbw-zd","_links":{"self":[{"href":"https:\/\/www.color-lounge.com\/blog\/wp-json\/wp\/v2\/posts\/2183","targetHints":{"allow":["GET"]}}],"collection":[{"href":"https:\/\/www.color-lounge.com\/blog\/wp-json\/wp\/v2\/posts"}],"about":[{"href":"https:\/\/www.color-lounge.com\/blog\/wp-json\/wp\/v2\/types\/post"}],"author":[{"embeddable":true,"href":"https:\/\/www.color-lounge.com\/blog\/wp-json\/wp\/v2\/users\/2"}],"replies":[{"embeddable":true,"href":"https:\/\/www.color-lounge.com\/blog\/wp-json\/wp\/v2\/comments?post=2183"}],"version-history":[{"count":30,"href":"https:\/\/www.color-lounge.com\/blog\/wp-json\/wp\/v2\/posts\/2183\/revisions"}],"predecessor-version":[{"id":6149,"href":"https:\/\/www.color-lounge.com\/blog\/wp-json\/wp\/v2\/posts\/2183\/revisions\/6149"}],"wp:featuredmedia":[{"embeddable":true,"href":"https:\/\/www.color-lounge.com\/blog\/wp-json\/wp\/v2\/media\/6148"}],"wp:attachment":[{"href":"https:\/\/www.color-lounge.com\/blog\/wp-json\/wp\/v2\/media?parent=2183"}],"wp:term":[{"taxonomy":"category","embeddable":true,"href":"https:\/\/www.color-lounge.com\/blog\/wp-json\/wp\/v2\/categories?post=2183"},{"taxonomy":"post_tag","embeddable":true,"href":"https:\/\/www.color-lounge.com\/blog\/wp-json\/wp\/v2\/tags?post=2183"}],"curies":[{"name":"wp","href":"https:\/\/api.w.org\/{rel}","templated":true}]}}