{"id":2157,"date":"2009-10-29T22:57:53","date_gmt":"2009-10-29T13:57:53","guid":{"rendered":"http:\/\/www.color-lounge.com\/blog\/?p=2157"},"modified":"2013-02-01T19:02:35","modified_gmt":"2013-02-01T10:02:35","slug":"maj-fujiko-nakaya-brumes","status":"publish","type":"post","link":"https:\/\/www.color-lounge.com\/blog\/2009\/maj-fujiko-nakaya-brumes\/","title":{"rendered":"[MAJ] Fujiko Nakaya &#8211; brumes"},"content":{"rendered":"<p>Mise \u00e0 jour de l&rsquo;article sur Fujiko Nakaya (\u4e2d\u8c37\u8299\u4e8c\u5b50) et ses brumes.<br \/>\nDe nouvelles photos ont \u00e9t\u00e9 ajout\u00e9es \u00e0 la galeries ainsi qu&rsquo;une vid\u00e9o disponible plus bas dans cet article.<br \/>\nLe premier article est <a href=\"https:\/\/www.color-lounge.com\/blog\/?p=2146\">ici<\/a>.<\/p>\n<p>Voici la galerie de photos mise \u00e0 jour.<br \/>\nPassez votre souris sur la droite des photos de la galerie et cliquez pour voir la suivante.<\/p>\nngg_shortcode_0_placeholder\n<p>Petite vid\u00e9o faite avec les moyens du bord et un pauvre logiciel de montage. Vous pardonnerez le manque de professionnalisme&#8230;<br \/>\n[flashvideo filename=video\/FujikoNakaya.flv \/]<br \/>\nMusique: <a href=\"http:\/\/www.animenewsnetwork.com\/encyclopedia\/anime.php?id=5923\" target=\"_blank\">Mushishi<\/a><\/p>\n<p style=\"text-align: center;\"><a href=\"http:\/\/feedburner.google.com\/fb\/a\/mailverify?uri=ColorLounge&amp;loc=fr_FR\" target=\"_blank\">Inscription aux news de Color Lounge<\/a><\/p>\n","protected":false},"excerpt":{"rendered":"<p>Mise \u00e0 jour de l&rsquo;article sur Fujiko Nakaya (\u4e2d\u8c37\u8299\u4e8c\u5b50) et ses brumes. De nouvelles photos ont \u00e9t\u00e9 ajout\u00e9es \u00e0 la galeries ainsi qu&rsquo;une vid\u00e9o disponible plus bas dans cet article. Le premier article est ici. Voici la galerie de photos mise \u00e0 jour. Passez votre souris sur la droite des photos de la galerie et [&hellip;]<\/p>\n","protected":false},"author":2,"featured_media":6117,"comment_status":"open","ping_status":"open","sticky":false,"template":"","format":"standard","meta":{"ngg_post_thumbnail":0,"_jetpack_newsletter_access":"","_jetpack_dont_email_post_to_subs":false,"_jetpack_newsletter_tier_id":0,"_jetpack_memberships_contains_paywalled_content":false,"_jetpack_feature_clip_id":0,"_jetpack_memberships_contains_paid_content":false,"footnotes":"","jetpack_publicize_message":"","jetpack_publicize_feature_enabled":true,"jetpack_social_post_already_shared":false,"jetpack_social_options":{"image_generator_settings":{"template":"highway","default_image_id":0,"font":"","enabled":false},"version":2},"jetpack_post_was_ever_published":false},"categories":[4,6,8],"tags":[2489,2493,2500,77],"class_list":["post-2157","post","type-post","status-publish","format-standard","has-post-thumbnail","hentry","category-culture","category-japon","category-photographie","tag-japon","tag-photographie","tag-tokyo","tag-video"],"aioseo_notices":[],"aioseo_head":"\n\t\t<!-- All in One SEO 5.0.1.1 - aioseo.com -->\n\t<meta name=\"description\" content=\"Sculpture de brume \u00e0 Tokyo\" \/>\n\t<meta name=\"robots\" content=\"max-image-preview:large\" \/>\n\t<meta name=\"author\" content=\"C\u00e9dric Riveau\"\/>\n\t<meta name=\"keywords\" content=\"fujiko nakaya,institut franco-japonais,tokyo,iidabashi,brume,sculpture,video,photographie\" \/>\n\t<link rel=\"canonical\" href=\"https:\/\/www.color-lounge.com\/blog\/2009\/maj-fujiko-nakaya-brumes\/\" \/>\n\t<meta name=\"generator\" content=\"All in One SEO (AIOSEO) 5.0.1.1\" \/>\n\t\t<script type=\"application\/ld+json\" class=\"aioseo-schema\">\n\t\t\t{\"@context\":\"https:\\\/\\\/schema.org\",\"@graph\":[{\"@type\":\"Article\",\"@id\":\"https:\\\/\\\/www.color-lounge.com\\\/blog\\\/2009\\\/maj-fujiko-nakaya-brumes\\\/#article\",\"name\":\"Fujiko Nakaya \\u00e0 l'institut franco-japonais de Tokyo | Color Lounge\",\"headline\":\"[MAJ] Fujiko Nakaya &#8211; brumes\",\"author\":{\"@id\":\"https:\\\/\\\/www.color-lounge.com\\\/blog\\\/author\\\/elinas\\\/#author\"},\"publisher\":{\"@id\":\"https:\\\/\\\/www.color-lounge.com\\\/blog\\\/#organization\"},\"image\":{\"@type\":\"ImageObject\",\"url\":\"https:\\\/\\\/i0.wp.com\\\/www.color-lounge.com\\\/blog\\\/wp-content\\\/uploads\\\/2009\\\/10\\\/p1040389.jpg?fit=600%2C600&ssl=1\",\"width\":600,\"height\":600,\"caption\":\"Cedric Riveau\"},\"datePublished\":\"2009-10-29T22:57:53+09:00\",\"dateModified\":\"2013-02-01T19:02:35+09:00\",\"inLanguage\":\"fr-FR\",\"commentCount\":3,\"mainEntityOfPage\":{\"@id\":\"https:\\\/\\\/www.color-lounge.com\\\/blog\\\/2009\\\/maj-fujiko-nakaya-brumes\\\/#webpage\"},\"isPartOf\":{\"@id\":\"https:\\\/\\\/www.color-lounge.com\\\/blog\\\/2009\\\/maj-fujiko-nakaya-brumes\\\/#webpage\"},\"articleSection\":\"culture, Japon, photographie, Japon, photographie, Tokyo, video\"},{\"@type\":\"BreadcrumbList\",\"@id\":\"https:\\\/\\\/www.color-lounge.com\\\/blog\\\/2009\\\/maj-fujiko-nakaya-brumes\\\/#breadcrumblist\",\"itemListElement\":[{\"@type\":\"ListItem\",\"@id\":\"https:\\\/\\\/www.color-lounge.com\\\/blog#listItem\",\"position\":1,\"name\":\"Home\",\"item\":\"https:\\\/\\\/www.color-lounge.com\\\/blog\",\"nextItem\":{\"@type\":\"ListItem\",\"@id\":\"https:\\\/\\\/www.color-lounge.com\\\/blog\\\/category\\\/culture\\\/#listItem\",\"name\":\"culture\"}},{\"@type\":\"ListItem\",\"@id\":\"https:\\\/\\\/www.color-lounge.com\\\/blog\\\/category\\\/culture\\\/#listItem\",\"position\":2,\"name\":\"culture\",\"item\":\"https:\\\/\\\/www.color-lounge.com\\\/blog\\\/category\\\/culture\\\/\",\"nextItem\":{\"@type\":\"ListItem\",\"@id\":\"https:\\\/\\\/www.color-lounge.com\\\/blog\\\/2009\\\/maj-fujiko-nakaya-brumes\\\/#listItem\",\"name\":\"[MAJ] Fujiko Nakaya &#8211; brumes\"},\"previousItem\":{\"@type\":\"ListItem\",\"@id\":\"https:\\\/\\\/www.color-lounge.com\\\/blog#listItem\",\"name\":\"Home\"}},{\"@type\":\"ListItem\",\"@id\":\"https:\\\/\\\/www.color-lounge.com\\\/blog\\\/2009\\\/maj-fujiko-nakaya-brumes\\\/#listItem\",\"position\":3,\"name\":\"[MAJ] Fujiko Nakaya &#8211; brumes\",\"previousItem\":{\"@type\":\"ListItem\",\"@id\":\"https:\\\/\\\/www.color-lounge.com\\\/blog\\\/category\\\/culture\\\/#listItem\",\"name\":\"culture\"}}]},{\"@type\":\"Organization\",\"@id\":\"https:\\\/\\\/www.color-lounge.com\\\/blog\\\/#organization\",\"name\":\"Color Lounge\",\"description\":\"Photographie, voyages, Japon et narration...\",\"url\":\"https:\\\/\\\/www.color-lounge.com\\\/blog\\\/\"},{\"@type\":\"Person\",\"@id\":\"https:\\\/\\\/www.color-lounge.com\\\/blog\\\/author\\\/elinas\\\/#author\",\"url\":\"https:\\\/\\\/www.color-lounge.com\\\/blog\\\/author\\\/elinas\\\/\",\"name\":\"C\\u00e9dric Riveau\",\"image\":{\"@type\":\"ImageObject\",\"@id\":\"https:\\\/\\\/www.color-lounge.com\\\/blog\\\/2009\\\/maj-fujiko-nakaya-brumes\\\/#authorImage\",\"url\":\"https:\\\/\\\/secure.gravatar.com\\\/avatar\\\/7e0abcc06290956ac1a35ec4684dc0bdd5e90a83a576d95a14c8d4bbdfa99809?s=96&d=identicon&r=g\",\"width\":96,\"height\":96,\"caption\":\"C\\u00e9dric Riveau\"}},{\"@type\":\"WebPage\",\"@id\":\"https:\\\/\\\/www.color-lounge.com\\\/blog\\\/2009\\\/maj-fujiko-nakaya-brumes\\\/#webpage\",\"url\":\"https:\\\/\\\/www.color-lounge.com\\\/blog\\\/2009\\\/maj-fujiko-nakaya-brumes\\\/\",\"name\":\"Fujiko Nakaya \\u00e0 l'institut franco-japonais de Tokyo | Color Lounge\",\"description\":\"Sculpture de brume \\u00e0 Tokyo\",\"inLanguage\":\"fr-FR\",\"isPartOf\":{\"@id\":\"https:\\\/\\\/www.color-lounge.com\\\/blog\\\/#website\"},\"breadcrumb\":{\"@id\":\"https:\\\/\\\/www.color-lounge.com\\\/blog\\\/2009\\\/maj-fujiko-nakaya-brumes\\\/#breadcrumblist\"},\"author\":{\"@id\":\"https:\\\/\\\/www.color-lounge.com\\\/blog\\\/author\\\/elinas\\\/#author\"},\"creator\":{\"@id\":\"https:\\\/\\\/www.color-lounge.com\\\/blog\\\/author\\\/elinas\\\/#author\"},\"image\":{\"@type\":\"ImageObject\",\"url\":\"https:\\\/\\\/i0.wp.com\\\/www.color-lounge.com\\\/blog\\\/wp-content\\\/uploads\\\/2009\\\/10\\\/p1040389.jpg?fit=600%2C600&ssl=1\",\"@id\":\"https:\\\/\\\/www.color-lounge.com\\\/blog\\\/2009\\\/maj-fujiko-nakaya-brumes\\\/#mainImage\",\"width\":600,\"height\":600,\"caption\":\"Cedric Riveau\"},\"primaryImageOfPage\":{\"@id\":\"https:\\\/\\\/www.color-lounge.com\\\/blog\\\/2009\\\/maj-fujiko-nakaya-brumes\\\/#mainImage\"},\"datePublished\":\"2009-10-29T22:57:53+09:00\",\"dateModified\":\"2013-02-01T19:02:35+09:00\"},{\"@type\":\"WebSite\",\"@id\":\"https:\\\/\\\/www.color-lounge.com\\\/blog\\\/#website\",\"url\":\"https:\\\/\\\/www.color-lounge.com\\\/blog\\\/\",\"name\":\"Color Lounge\",\"description\":\"Photographie, voyages, Japon et narration...\",\"inLanguage\":\"fr-FR\",\"publisher\":{\"@id\":\"https:\\\/\\\/www.color-lounge.com\\\/blog\\\/#organization\"}}]}\n\t\t<\/script>\n\t\t<!-- All in One SEO -->\n\n","aioseo_head_json":{"title":"Fujiko Nakaya \u00e0 l'institut franco-japonais de Tokyo | Color Lounge","description":"Sculpture de brume \u00e0 Tokyo","canonical_url":"https:\/\/www.color-lounge.com\/blog\/2009\/maj-fujiko-nakaya-brumes\/","robots":"max-image-preview:large","keywords":"fujiko nakaya,institut franco-japonais,tokyo,iidabashi,brume,sculpture,video,photographie","webmasterTools":{"miscellaneous":""},"schema":{"@context":"https:\/\/schema.org","@graph":[{"@type":"Article","@id":"https:\/\/www.color-lounge.com\/blog\/2009\/maj-fujiko-nakaya-brumes\/#article","name":"Fujiko Nakaya \u00e0 l'institut franco-japonais de Tokyo | Color Lounge","headline":"[MAJ] Fujiko Nakaya &#8211; brumes","author":{"@id":"https:\/\/www.color-lounge.com\/blog\/author\/elinas\/#author"},"publisher":{"@id":"https:\/\/www.color-lounge.com\/blog\/#organization"},"image":{"@type":"ImageObject","url":"https:\/\/i0.wp.com\/www.color-lounge.com\/blog\/wp-content\/uploads\/2009\/10\/p1040389.jpg?fit=600%2C600&ssl=1","width":600,"height":600,"caption":"Cedric Riveau"},"datePublished":"2009-10-29T22:57:53+09:00","dateModified":"2013-02-01T19:02:35+09:00","inLanguage":"fr-FR","commentCount":3,"mainEntityOfPage":{"@id":"https:\/\/www.color-lounge.com\/blog\/2009\/maj-fujiko-nakaya-brumes\/#webpage"},"isPartOf":{"@id":"https:\/\/www.color-lounge.com\/blog\/2009\/maj-fujiko-nakaya-brumes\/#webpage"},"articleSection":"culture, Japon, photographie, Japon, photographie, Tokyo, video"},{"@type":"BreadcrumbList","@id":"https:\/\/www.color-lounge.com\/blog\/2009\/maj-fujiko-nakaya-brumes\/#breadcrumblist","itemListElement":[{"@type":"ListItem","@id":"https:\/\/www.color-lounge.com\/blog#listItem","position":1,"name":"Home","item":"https:\/\/www.color-lounge.com\/blog","nextItem":{"@type":"ListItem","@id":"https:\/\/www.color-lounge.com\/blog\/category\/culture\/#listItem","name":"culture"}},{"@type":"ListItem","@id":"https:\/\/www.color-lounge.com\/blog\/category\/culture\/#listItem","position":2,"name":"culture","item":"https:\/\/www.color-lounge.com\/blog\/category\/culture\/","nextItem":{"@type":"ListItem","@id":"https:\/\/www.color-lounge.com\/blog\/2009\/maj-fujiko-nakaya-brumes\/#listItem","name":"[MAJ] Fujiko Nakaya &#8211; brumes"},"previousItem":{"@type":"ListItem","@id":"https:\/\/www.color-lounge.com\/blog#listItem","name":"Home"}},{"@type":"ListItem","@id":"https:\/\/www.color-lounge.com\/blog\/2009\/maj-fujiko-nakaya-brumes\/#listItem","position":3,"name":"[MAJ] Fujiko Nakaya &#8211; brumes","previousItem":{"@type":"ListItem","@id":"https:\/\/www.color-lounge.com\/blog\/category\/culture\/#listItem","name":"culture"}}]},{"@type":"Organization","@id":"https:\/\/www.color-lounge.com\/blog\/#organization","name":"Color Lounge","description":"Photographie, voyages, Japon et narration...","url":"https:\/\/www.color-lounge.com\/blog\/"},{"@type":"Person","@id":"https:\/\/www.color-lounge.com\/blog\/author\/elinas\/#author","url":"https:\/\/www.color-lounge.com\/blog\/author\/elinas\/","name":"C\u00e9dric Riveau","image":{"@type":"ImageObject","@id":"https:\/\/www.color-lounge.com\/blog\/2009\/maj-fujiko-nakaya-brumes\/#authorImage","url":"https:\/\/secure.gravatar.com\/avatar\/7e0abcc06290956ac1a35ec4684dc0bdd5e90a83a576d95a14c8d4bbdfa99809?s=96&d=identicon&r=g","width":96,"height":96,"caption":"C\u00e9dric Riveau"}},{"@type":"WebPage","@id":"https:\/\/www.color-lounge.com\/blog\/2009\/maj-fujiko-nakaya-brumes\/#webpage","url":"https:\/\/www.color-lounge.com\/blog\/2009\/maj-fujiko-nakaya-brumes\/","name":"Fujiko Nakaya \u00e0 l'institut franco-japonais de Tokyo | Color Lounge","description":"Sculpture de brume \u00e0 Tokyo","inLanguage":"fr-FR","isPartOf":{"@id":"https:\/\/www.color-lounge.com\/blog\/#website"},"breadcrumb":{"@id":"https:\/\/www.color-lounge.com\/blog\/2009\/maj-fujiko-nakaya-brumes\/#breadcrumblist"},"author":{"@id":"https:\/\/www.color-lounge.com\/blog\/author\/elinas\/#author"},"creator":{"@id":"https:\/\/www.color-lounge.com\/blog\/author\/elinas\/#author"},"image":{"@type":"ImageObject","url":"https:\/\/i0.wp.com\/www.color-lounge.com\/blog\/wp-content\/uploads\/2009\/10\/p1040389.jpg?fit=600%2C600&ssl=1","@id":"https:\/\/www.color-lounge.com\/blog\/2009\/maj-fujiko-nakaya-brumes\/#mainImage","width":600,"height":600,"caption":"Cedric Riveau"},"primaryImageOfPage":{"@id":"https:\/\/www.color-lounge.com\/blog\/2009\/maj-fujiko-nakaya-brumes\/#mainImage"},"datePublished":"2009-10-29T22:57:53+09:00","dateModified":"2013-02-01T19:02:35+09:00"},{"@type":"WebSite","@id":"https:\/\/www.color-lounge.com\/blog\/#website","url":"https:\/\/www.color-lounge.com\/blog\/","name":"Color Lounge","description":"Photographie, voyages, Japon et narration...","inLanguage":"fr-FR","publisher":{"@id":"https:\/\/www.color-lounge.com\/blog\/#organization"}}]}},"aioseo_meta_data":{"post_id":"2157","title":"Fujiko Nakaya \u00e0 l'institut franco-japonais de Tokyo | #site_title","description":"Sculpture de brume \u00e0 Tokyo","keywords":[{"label":"Fujiko Nakaya","value":"Fujiko Nakaya"},{"label":"institut franco-japonais","value":"institut franco-japonais"},{"label":"Tokyo","value":"Tokyo"},{"label":"Iidabashi","value":"Iidabashi"},{"label":"brume","value":"brume"},{"label":"sculpture","value":"sculpture"},{"label":"video","value":"video"},{"label":"photographie","value":"photographie"}],"keyphrases":null,"primary_term":null,"canonical_url":null,"og_title":null,"og_description":null,"og_object_type":"default","og_image_type":"default","og_image_url":null,"og_image_width":null,"og_image_height":null,"og_image_custom_url":null,"og_image_custom_fields":null,"og_video":null,"og_custom_url":null,"og_article_section":null,"og_article_tags":null,"twitter_use_og":false,"twitter_card":"default","twitter_image_type":"default","twitter_image_url":null,"twitter_image_custom_url":null,"twitter_image_custom_fields":null,"twitter_title":null,"twitter_description":null,"schema":{"blockGraphs":[],"customGraphs":[],"default":{"data":{"Article":[],"Course":[],"Dataset":[],"FAQPage":[],"Movie":[],"Person":[],"Product":[],"ProductReview":[],"Car":[],"Recipe":[],"Service":[],"SoftwareApplication":[],"WebPage":[]},"graphName":"","isEnabled":true},"graphs":[]},"schema_type":null,"schema_type_options":null,"pillar_content":false,"robots_default":true,"robots_noindex":false,"robots_noarchive":false,"robots_nosnippet":false,"robots_nofollow":false,"robots_noimageindex":false,"robots_noodp":false,"robots_notranslate":false,"robots_max_snippet":null,"robots_max_videopreview":null,"robots_max_imagepreview":"large","priority":null,"frequency":null,"location":null,"local_seo":null,"breadcrumb_settings":null,"limit_modified_date":false,"ai":null,"created":"2020-12-20 21:49:18","updated":"2022-09-14 07:41:41","seo_analyzer_scan_date":null,"focus_keyword":null,"additional_keywords":null,"truseo_locale":null},"aioseo_breadcrumb":"<div class=\"aioseo-breadcrumbs\"><span class=\"aioseo-breadcrumb\">\n\t\t\t<a href=\"https:\/\/www.color-lounge.com\/blog\" title=\"Home\">Home<\/a>\n\t\t<\/span><span class=\"aioseo-breadcrumb-separator\">&raquo;<\/span><span class=\"aioseo-breadcrumb\">\n\t\t\t<a href=\"https:\/\/www.color-lounge.com\/blog\/category\/culture\/\" title=\"culture\">culture<\/a>\n\t\t<\/span><span class=\"aioseo-breadcrumb-separator\">&raquo;<\/span><span class=\"aioseo-breadcrumb\">\n\t\t\t[MAJ] Fujiko Nakaya \u2013 brumes\n\t\t<\/span><\/div>","aioseo_breadcrumb_json":[{"label":"Home","link":"https:\/\/www.color-lounge.com\/blog"},{"label":"culture","link":"https:\/\/www.color-lounge.com\/blog\/category\/culture\/"},{"label":"[MAJ] Fujiko Nakaya &#8211; brumes","link":"https:\/\/www.color-lounge.com\/blog\/2009\/maj-fujiko-nakaya-brumes\/"}],"jetpack_publicize_connections":[],"jetpack_sharing_enabled":true,"jetpack_shortlink":"https:\/\/wp.me\/p5BAbw-yN","jetpack_featured_media_url":"https:\/\/i0.wp.com\/www.color-lounge.com\/blog\/wp-content\/uploads\/2009\/10\/p1040389.jpg?fit=600%2C600&ssl=1","_links":{"self":[{"href":"https:\/\/www.color-lounge.com\/blog\/wp-json\/wp\/v2\/posts\/2157","targetHints":{"allow":["GET"]}}],"collection":[{"href":"https:\/\/www.color-lounge.com\/blog\/wp-json\/wp\/v2\/posts"}],"about":[{"href":"https:\/\/www.color-lounge.com\/blog\/wp-json\/wp\/v2\/types\/post"}],"author":[{"embeddable":true,"href":"https:\/\/www.color-lounge.com\/blog\/wp-json\/wp\/v2\/users\/2"}],"replies":[{"embeddable":true,"href":"https:\/\/www.color-lounge.com\/blog\/wp-json\/wp\/v2\/comments?post=2157"}],"version-history":[{"count":10,"href":"https:\/\/www.color-lounge.com\/blog\/wp-json\/wp\/v2\/posts\/2157\/revisions"}],"predecessor-version":[{"id":6118,"href":"https:\/\/www.color-lounge.com\/blog\/wp-json\/wp\/v2\/posts\/2157\/revisions\/6118"}],"wp:featuredmedia":[{"embeddable":true,"href":"https:\/\/www.color-lounge.com\/blog\/wp-json\/wp\/v2\/media\/6117"}],"wp:attachment":[{"href":"https:\/\/www.color-lounge.com\/blog\/wp-json\/wp\/v2\/media?parent=2157"}],"wp:term":[{"taxonomy":"category","embeddable":true,"href":"https:\/\/www.color-lounge.com\/blog\/wp-json\/wp\/v2\/categories?post=2157"},{"taxonomy":"post_tag","embeddable":true,"href":"https:\/\/www.color-lounge.com\/blog\/wp-json\/wp\/v2\/tags?post=2157"}],"curies":[{"name":"wp","href":"https:\/\/api.w.org\/{rel}","templated":true}]}}