{"id":149,"date":"2007-06-13T22:47:25","date_gmt":"2007-06-13T13:47:25","guid":{"rendered":"http:\/\/www.color-lounge.com\/blog\/?p=149"},"modified":"2013-02-03T13:43:17","modified_gmt":"2013-02-03T04:43:17","slug":"y-1-ou-k-4","status":"publish","type":"post","link":"https:\/\/www.color-lounge.com\/blog\/2007\/y-1-ou-k-4\/","title":{"rendered":"Y &#8211; 1 (ou K &#8211; 4)"},"content":{"rendered":"<p>[Histoire(s) &#8211; suite de <a title=\"Plus t\u00f4t...\" href=\"https:\/\/www.color-lounge.com\/blog\/?p=148\">K &#8211; 3<\/a>]<\/p>\n<blockquote><p><em>L&rsquo;homme n&rsquo;est peut-\u00eatre que le monstre de la femme, ou la femme le monstre de l&rsquo;homme.<\/em><br \/>\n<span style=\"font-family: Times;\">Diderot &#8211; <a title=\"Des extraits...\" href=\"http:\/\/www.cerphi.net\/diderot\/reve.htm\" target=\"_blank\"><em>Le r\u00eave de d&rsquo;Alembert<\/em><\/a><\/span><\/p><\/blockquote>\n<p align=\"center\"><img data-recalc-dims=\"1\" decoding=\"async\" src=\"https:\/\/i0.wp.com\/www.color-lounge.com\/blog\/wp-content\/uploads\/2007\/07\/cafe_01.jpg?w=640&#038;ssl=1\" alt=\"Au caf\u00e9 avec Yann\" \/><\/p>\n<p><span style=\"font-family: Arial; font-size: small;\">&#8211; Tu semblais tellement avoir renonc\u00e9&#8230;<br \/>\n&#8211; Oui mais Kei est arriv\u00e9e&#8230;<br \/>\n&#8211; Tu ne voulais pas quelqu&rsquo;un de trop jeune&#8230;<br \/>\n&#8211; Oui mais Kei est arriv\u00e9e&#8230;<\/span><\/p>\n<p>Les discussions avec Yann sont une envol\u00e9e pour l&rsquo;esprit, une excursion dans les strates de la langue fran\u00e7aise. A force d&rsquo;\u00eatre ici et de parler petit-n\u00e8gre, le vocabulaire et la syntaxe s&rsquo;appauvrissent diligemment. Comme une tomate qui se rabougrit au soleil. Comme un cancer de la mati\u00e8re grise \u00e9tiolant le langage.<br \/>\nJ&rsquo;avais appel\u00e9 Yann le dimanche matin t\u00f4t, trop t\u00f4t, je l&rsquo;avais d\u00e9rang\u00e9, j&rsquo;avais senti une g\u00eane et a posteriori, cela me paraissait bien normal. J&rsquo;\u00e9tais celui qui n&rsquo;\u00e9tais pas dans un \u00e9tat normal. J&rsquo;avais besoin de confesser mes derni\u00e8res aventures (sic), j&rsquo;avais besoin de parler avec lui, de verbaliser ce qui dansait la java dans ma t\u00eate, \u00e0  un rythme ext\u00e9nuant. Le <em>verbe <\/em>th\u00e9rapeutique. Avec Yann, je pouvais y aller franchement, il me conna\u00eet comme peu me connaissent, il avait d\u00e9j\u00e0  \u00e9cout\u00e9 mes logorrh\u00e9es n\u00e9vrotiques pendant des heures, il n&rsquo;allait pas m&rsquo;\u00e9pargner, il allait m&rsquo;\u00e9couter, j&rsquo;en avais besoin, je n&rsquo;en pouvais plus, j&rsquo;avais t\u00e9l\u00e9phon\u00e9. Trop t\u00f4t.<\/p>\n<p><span style=\"font-family: Arial; font-size: small;\">&#8211; Je suis d\u00e9sol\u00e9, il est encore t\u00f4t.<br \/>\n&#8211; Euh&#8230; oui&#8230; non&#8230; attends! Non, non \u00e7a va&#8230;<br \/>\n&#8211; Vraiment je m&rsquo;excuse&#8230;<br \/>\n&#8211; Qu&rsquo;est-ce qui se passe?<br \/>\n&#8211; Aurais-tu un peu de temps pour une \u00e2me \u00e9gar\u00e9e?<\/span> Je voulais le voir rapidement, l\u00e0 , tout de suite, maintenant. \u00ab\u00a0Ce soir? Demain?\u00a0\u00bb demandais-je fr\u00e9n\u00e9tiquement.<br \/>\nCela s&rsquo;annon\u00e7ait mal, je le prenais de court. Il h\u00e9sitait devant mon empressement, son agenda, sa femme&#8230;<br \/>\n<span style=\"font-family: Arial; font-size: small;\">&#8211; Pardon. Laisse tomber. On se verra quand tu pourras. Je suis d\u00e9sol\u00e9 pour cette demande si soudaine.<\/span><\/p>\n<p><img data-recalc-dims=\"1\" decoding=\"async\" class=\"left\" src=\"https:\/\/i0.wp.com\/www.color-lounge.com\/blog\/wp-content\/uploads\/2007\/06\/cafe_02.jpg?w=640&#038;ssl=1\" alt=\"Au caf\u00e9 avec Y.\" \/>Amicalement et tendrement, il avait fini par arranger un trou dans son agenda pour me voir. Le lendemain apr\u00e8s-midi. Lundi. Dans un caf\u00e9. Entre deux trucs. J&rsquo;\u00e9tais touch\u00e9.<br \/>\nFin et perspicace, il avait devin\u00e9 qu&rsquo;il s&rsquo;agissait d&rsquo;une <em>histoire<\/em> avec le sexe oppos\u00e9. <em>Oppos\u00e9<\/em>.<\/p>\n<p>Conscientiser. Mes ann\u00e9es de divan avaient au moins servi \u00e0  quelque chose: parler est <em>le<\/em> rem\u00e8de. Or il s&rsquo;agissait bien de ma premi\u00e8re verbalisation au sujet de Kei. Au fil des mots, mon discours \u00e9laborait cette certitude: il me manquait un nombre important d&rsquo;\u00e9l\u00e9ments, de cl\u00e9s, de liens, de coh\u00e9rences \u00e0  d\u00e9couvrir pour <em>savoir<\/em>, <em>comprendre<\/em>. Les inconnues enveloppant Kei g\u00e9n\u00e9raient la m\u00e9lasse dans laquelle je pataugeais. Le vague constitu\u00e9 autour de Kei m&#8217;emp\u00eachait de progresser, de <em>voir<\/em>. Quelles \u00e9taient ses envies? Quelles \u00e9taient ses motivations? Quelles \u00e9taient ses explications? Que voulait-elle faire? Que voulait-elle devenir? Quelles \u00e9taient ses attentes vis-\u00e0 -vis de la France et des Fran\u00e7ais?<br \/>\nNotre d\u00eener, le jeudi pr\u00e9c\u00e9dent, ne m&rsquo;avait pas suffi \u00e0  distinguer, ne serait-ce qu&rsquo;un peu, un embryon de r\u00e9ponse \u00e0  l&rsquo;une de ces questions. Je me rendais \u00e0  l&rsquo;\u00e9vidence: je ne savais rien, je ne comprenais rien.<\/p>\n<p>Qui plus est, je ne me comprenais pas moi-m\u00eame. Comme me l&rsquo;avait rappel\u00e9 Yann, j&rsquo;avais renonc\u00e9. Le traumatisme de ma longue relation avec Mai r\u00f4dait toujours, m\u00eame un an et demi apr\u00e8s. La vie de couple ne me semblait (semble?) plus possible.<br \/>\nComment distinguer toutes nos vies? Faire le tri pour nous y retrouver? R\u00e9gler nos diff\u00e9rents avec nos monstres du pass\u00e9? Une distinction via <em>ses<\/em> vies de couple? Via <em>ses<\/em> professions? Via <em>ses <\/em>expatriations? Quand je m&rsquo;\u00e9voque Mai, c&rsquo;est bien en terme de \u00ab\u00a0vie ant\u00e9rieure\u00a0\u00bb que je r\u00e9sonne. Cette existence que j&rsquo;ai regrett\u00e9e d&rsquo;avoir bris\u00e9, comprenant la puissance de mes sentiments trop tard, mais qui avait aussi laiss\u00e9 des marques au fer rouge sur mon \u00e2me et ma conscience.<br \/>\nLe couple franco-japonais pouvait-il <em>co<\/em>exister?<br \/>\nEu \u00e9gard \u00e0  ce qui se profilait avec Mai \u00e0  cette \u00e9poque, eu \u00e9gard \u00e0  ce dont j&rsquo;\u00e9tais t\u00e9moin de-ci de-l\u00e0 , la question avait grandi dans mon esprit. La diff\u00e9rence culturelle \u00e9tait-elle vivable? Pour moi? La femme magnat du m\u00e9nage. L&rsquo;homme source financi\u00e8re. La femme gestionnaire du budget et du compte. L&rsquo;homme objet f\u00e9condateur. La femme responsable de l&rsquo;\u00e9ducation. Je m&rsquo;\u00e9tais r\u00e9tract\u00e9 au dernier moment. La c\u00e9r\u00e9monie avait \u00e9t\u00e9 planifi\u00e9e. Les papiers remplis. Le restaurant r\u00e9serv\u00e9. Les alliances achet\u00e9es. Les familles et les amis invit\u00e9s. Voyant le <a href=\"http:\/\/fr.wikipedia.org\/wiki\/Tyrannosaure\" target=\"_blank\"><em>Tyrannosaurus rex<\/em><\/a> de la vie conjugale raser ma destin\u00e9e de c\u00e9libataire, j&rsquo;avais pris mon courage \u00e0  deux mains, j&rsquo;avais fui!<\/p>\n<p>L&rsquo;autre n\u00e9bulosit\u00e9 dans laquelle je flottais \u00e9tait aussi la mienne. Se profilerait-il la m\u00eame chose avec Kei qu&rsquo;avec Mai? Pourrais-je tomber sur une femme (japonaise?) qui me plairait, que je trouverais sublime mais qui ne proposerait pas une vie toute planifi\u00e9e avec le versement obligatoire de x% de mon salaire en rapport avec le co\u00fbt de la vie, du loyer et j&rsquo;en passe? <em>Pourrais-je?<\/em><\/p>\n<p><span style=\"font-family: Arial; font-size: small;\">&#8211; Il n&#8217;emp\u00eache. Te voir dans cet \u00e9tat amoureux me r\u00e9jouit. On pourra au moins gratifier Kei de cela et la remercier de r\u00e9veiller en toi des sensations dissip\u00e9es. Qu&rsquo;il se passe quelque chose <\/span><span style=\"font-family: Arial; font-size: small;\">ou pas <\/span><span style=\"font-family: Arial; font-size: small;\">entre vous, au moins, elle t&rsquo;aura donn\u00e9 cela. Et cela me fait plaisir.<\/span><\/p>\n<p>Je n&rsquo;\u00e9tais pas compl\u00e8tement honn\u00eate face \u00e0  l&#8217;emballement de Yann. Je ne lui avais pas (ou peu) parl\u00e9 de Iku ou Nao avec qui j&rsquo;avais des sensations peut-\u00eatre plus fortes qu&rsquo;avec Kei en raison de la r\u00e9sonance intellectuelle que je trouvais chez ses deux personnes, du dynamisme passionnel qui se refl\u00e9tait entre elles et moi. Je n&rsquo;avais pas de sentiment, l\u00e0  r\u00e9sidait bien le probl\u00e8me. Alors que j&rsquo;en avais pour Kei.<br \/>\nIl avait pourtant raison. Je me trouvais dans un \u00e9tat que je ne pensais plus traverser.<\/p>\n<p><span style=\"font-family: Arial; font-size: small;\">&#8211; Je te voyais l&rsquo;autre jour avec elle. Tu \u00e9tais radieux. Cela se voyait. Tu illuminais les alentours.<br \/>\n&#8211; Oui, on peut lire en moi comme dans un livre ouvert. Je suis facile \u00e0  percer en ce qui concerne mes sentiments. J&rsquo;aime, je rayonne. Je souffre, j&rsquo;engloutis la lumi\u00e8re&#8230;<br \/>\n&#8211; Mais l&rsquo;espoir fait mal. La torture par l&rsquo;espoir est aussi une r\u00e9alit\u00e9.<\/span><br \/>\nYann parlait pour nous deux \u00e0  ce moment-l\u00e0 , plus seulement pour moi.<\/p>\n<p>[<a title=\"La suite...\" href=\"https:\/\/www.color-lounge.com\/blog\/?p=150\">\u00e0  suivre<\/a>]<\/p>\n<p>Newsletter:<!--mail_sign_up--><\/p>\n","protected":false},"excerpt":{"rendered":"<p>[Histoire(s) &#8211; suite de K &#8211; 3] L&rsquo;homme n&rsquo;est peut-\u00eatre que le monstre de la femme, ou la femme le monstre de l&rsquo;homme. Diderot &#8211; Le r\u00eave de d&rsquo;Alembert &#8211; Tu semblais tellement avoir renonc\u00e9&#8230; &#8211; Oui mais Kei est arriv\u00e9e&#8230; &#8211; Tu ne voulais pas quelqu&rsquo;un de trop jeune&#8230; &#8211; Oui mais Kei est [&hellip;]<\/p>\n","protected":false},"author":2,"featured_media":6166,"comment_status":"open","ping_status":"open","sticky":false,"template":"","format":"standard","meta":{"ngg_post_thumbnail":0,"jetpack_post_was_ever_published":false,"_jetpack_newsletter_access":"","_jetpack_dont_email_post_to_subs":false,"_jetpack_newsletter_tier_id":0,"_jetpack_memberships_contains_paywalled_content":false,"_jetpack_memberships_contains_paid_content":false,"footnotes":"","jetpack_publicize_message":"","jetpack_publicize_feature_enabled":true,"jetpack_social_post_already_shared":false,"jetpack_social_options":{"image_generator_settings":{"template":"highway","default_image_id":0,"font":"","enabled":false},"version":2}},"categories":[9],"tags":[2501,2494],"class_list":["post-149","post","type-post","status-publish","format-standard","has-post-thumbnail","hentry","category-histoires","tag-cedric-riveau","tag-histoires"],"aioseo_notices":[],"jetpack_publicize_connections":[],"jetpack_featured_media_url":"https:\/\/i0.wp.com\/www.color-lounge.com\/blog\/wp-content\/uploads\/2007\/06\/H6.jpg?fit=600%2C600&ssl=1","jetpack_sharing_enabled":true,"jetpack_shortlink":"https:\/\/wp.me\/p5BAbw-2p","_links":{"self":[{"href":"https:\/\/www.color-lounge.com\/blog\/wp-json\/wp\/v2\/posts\/149","targetHints":{"allow":["GET"]}}],"collection":[{"href":"https:\/\/www.color-lounge.com\/blog\/wp-json\/wp\/v2\/posts"}],"about":[{"href":"https:\/\/www.color-lounge.com\/blog\/wp-json\/wp\/v2\/types\/post"}],"author":[{"embeddable":true,"href":"https:\/\/www.color-lounge.com\/blog\/wp-json\/wp\/v2\/users\/2"}],"replies":[{"embeddable":true,"href":"https:\/\/www.color-lounge.com\/blog\/wp-json\/wp\/v2\/comments?post=149"}],"version-history":[{"count":2,"href":"https:\/\/www.color-lounge.com\/blog\/wp-json\/wp\/v2\/posts\/149\/revisions"}],"predecessor-version":[{"id":6183,"href":"https:\/\/www.color-lounge.com\/blog\/wp-json\/wp\/v2\/posts\/149\/revisions\/6183"}],"wp:featuredmedia":[{"embeddable":true,"href":"https:\/\/www.color-lounge.com\/blog\/wp-json\/wp\/v2\/media\/6166"}],"wp:attachment":[{"href":"https:\/\/www.color-lounge.com\/blog\/wp-json\/wp\/v2\/media?parent=149"}],"wp:term":[{"taxonomy":"category","embeddable":true,"href":"https:\/\/www.color-lounge.com\/blog\/wp-json\/wp\/v2\/categories?post=149"},{"taxonomy":"post_tag","embeddable":true,"href":"https:\/\/www.color-lounge.com\/blog\/wp-json\/wp\/v2\/tags?post=149"}],"curies":[{"name":"wp","href":"https:\/\/api.w.org\/{rel}","templated":true}]}}