{"id":1325,"date":"2008-12-22T20:17:39","date_gmt":"2008-12-22T11:17:39","guid":{"rendered":"http:\/\/www.color-lounge.com\/blog\/?p=1325"},"modified":"2010-10-03T16:44:29","modified_gmt":"2010-10-03T07:44:29","slug":"panorama-04-hotel-de-ville","status":"publish","type":"post","link":"https:\/\/www.color-lounge.com\/blog\/2008\/panorama-04-hotel-de-ville\/","title":{"rendered":"Panorama 04 &#8211; H\u00f4tel de ville"},"content":{"rendered":"<p>Je me demandais s&rsquo;il y avait encore la patinoire ce No\u00ebl&#8230; et bien oui! Elle semble ne pas bouger, \u00eatre \u00e0 sa place \u00e0 chaque fois que je viens. Il y avait un spectacle de jeunes professionnels qui r\u00e9alisaient une performance &#8211; parfois tr\u00e8s bien men\u00e9e par des enfants entre 8 et 13 ans &#8211; sous les applaudissements et les cris d&rsquo;un groupe de <em>relouds<\/em> &#8211; de la racaille &#8211; qui se foutaient de leur costume en attendant de pouvoir entrer sur la piste. Pauvre frustr\u00e9s.<br \/>\nLes toits de l&rsquo;H\u00f4tel de ville brillants de mille feux.<br \/>\n<a title=\"Panorama H\u00f4tel de ville de Paris\" href=\"https:\/\/i0.wp.com\/www.color-lounge.com\/blog\/wp-content\/uploads\/2008\/12\/Paris_pano_04.jpg?ssl=1\"><img data-recalc-dims=\"1\" decoding=\"async\" src=\"https:\/\/i0.wp.com\/www.color-lounge.com\/blog\/wp-content\/uploads\/2008\/12\/Paris_pano_04_petit.jpg?w=640&#038;ssl=1\" alt=\"Panorama H\u00f4tel de ville de Paris\" \/><\/a><\/p>\n","protected":false},"excerpt":{"rendered":"<p>Je me demandais s&rsquo;il y avait encore la patinoire ce No\u00ebl&#8230; et bien oui! Elle semble ne pas bouger, \u00eatre \u00e0 sa place \u00e0 chaque fois que je viens. Il y avait un spectacle de jeunes professionnels qui r\u00e9alisaient une performance &#8211; parfois tr\u00e8s bien men\u00e9e par des enfants entre 8 et 13 ans &#8211; [&hellip;]<\/p>\n","protected":false},"author":2,"featured_media":0,"comment_status":"open","ping_status":"open","sticky":false,"template":"","format":"standard","meta":{"ngg_post_thumbnail":0,"_jetpack_newsletter_access":"","_jetpack_dont_email_post_to_subs":false,"_jetpack_newsletter_tier_id":0,"_jetpack_memberships_contains_paywalled_content":false,"_jetpack_feature_clip_id":0,"_jetpack_memberships_contains_paid_content":false,"footnotes":"","jetpack_publicize_message":"","jetpack_publicize_feature_enabled":true,"jetpack_social_post_already_shared":false,"jetpack_social_options":{"image_generator_settings":{"template":"highway","default_image_id":0,"font":"","enabled":false},"version":2},"jetpack_post_was_ever_published":false},"categories":[13],"tags":[65,2509,64,2495],"class_list":["post-1325","post","type-post","status-publish","format-standard","hentry","category-voyages","tag-france","tag-panorama","tag-paris","tag-voyages"],"aioseo_notices":[],"aioseo_head":"\n\t\t<!-- All in One SEO 5.0.1.1 - aioseo.com -->\n\t<meta name=\"description\" content=\"Je me demandais s&#039;il y avait encore la patinoire ce No\u00ebl... et bien oui! Elle semble ne pas bouger, \u00eatre \u00e0 sa place \u00e0 chaque fois que je viens. Il y avait un spectacle de jeunes professionnels qui r\u00e9alisaient une performance - parfois tr\u00e8s bien men\u00e9e par des enfants entre 8 et 13 ans -\" \/>\n\t<meta name=\"robots\" content=\"max-image-preview:large\" \/>\n\t<meta name=\"author\" content=\"C\u00e9dric Riveau\"\/>\n\t<link rel=\"canonical\" href=\"https:\/\/www.color-lounge.com\/blog\/2008\/panorama-04-hotel-de-ville\/\" \/>\n\t<meta name=\"generator\" content=\"All in One SEO (AIOSEO) 5.0.1.1\" \/>\n\t\t<script type=\"application\/ld+json\" class=\"aioseo-schema\">\n\t\t\t{\"@context\":\"https:\\\/\\\/schema.org\",\"@graph\":[{\"@type\":\"Article\",\"@id\":\"https:\\\/\\\/www.color-lounge.com\\\/blog\\\/2008\\\/panorama-04-hotel-de-ville\\\/#article\",\"name\":\"Panorama 04 \\u2013 H\\u00f4tel de ville | Color Lounge\",\"headline\":\"Panorama 04 &#8211; H\\u00f4tel de ville\",\"author\":{\"@id\":\"https:\\\/\\\/www.color-lounge.com\\\/blog\\\/author\\\/elinas\\\/#author\"},\"publisher\":{\"@id\":\"https:\\\/\\\/www.color-lounge.com\\\/blog\\\/#organization\"},\"image\":{\"@type\":\"ImageObject\",\"url\":\"http:\\\/\\\/www.color-lounge.com\\\/blog\\\/wp-content\\\/uploads\\\/2008\\\/12\\\/Paris_pano_04_petit.jpg\",\"@id\":\"https:\\\/\\\/www.color-lounge.com\\\/blog\\\/2008\\\/panorama-04-hotel-de-ville\\\/#articleImage\"},\"datePublished\":\"2008-12-22T20:17:39+09:00\",\"dateModified\":\"2010-10-03T16:44:29+09:00\",\"inLanguage\":\"fr-FR\",\"commentCount\":1,\"mainEntityOfPage\":{\"@id\":\"https:\\\/\\\/www.color-lounge.com\\\/blog\\\/2008\\\/panorama-04-hotel-de-ville\\\/#webpage\"},\"isPartOf\":{\"@id\":\"https:\\\/\\\/www.color-lounge.com\\\/blog\\\/2008\\\/panorama-04-hotel-de-ville\\\/#webpage\"},\"articleSection\":\"voyages, France, panorama, Paris, voyages\"},{\"@type\":\"BreadcrumbList\",\"@id\":\"https:\\\/\\\/www.color-lounge.com\\\/blog\\\/2008\\\/panorama-04-hotel-de-ville\\\/#breadcrumblist\",\"itemListElement\":[{\"@type\":\"ListItem\",\"@id\":\"https:\\\/\\\/www.color-lounge.com\\\/blog#listItem\",\"position\":1,\"name\":\"Home\",\"item\":\"https:\\\/\\\/www.color-lounge.com\\\/blog\",\"nextItem\":{\"@type\":\"ListItem\",\"@id\":\"https:\\\/\\\/www.color-lounge.com\\\/blog\\\/category\\\/voyages\\\/#listItem\",\"name\":\"voyages\"}},{\"@type\":\"ListItem\",\"@id\":\"https:\\\/\\\/www.color-lounge.com\\\/blog\\\/category\\\/voyages\\\/#listItem\",\"position\":2,\"name\":\"voyages\",\"item\":\"https:\\\/\\\/www.color-lounge.com\\\/blog\\\/category\\\/voyages\\\/\",\"nextItem\":{\"@type\":\"ListItem\",\"@id\":\"https:\\\/\\\/www.color-lounge.com\\\/blog\\\/2008\\\/panorama-04-hotel-de-ville\\\/#listItem\",\"name\":\"Panorama 04 &#8211; H\\u00f4tel de ville\"},\"previousItem\":{\"@type\":\"ListItem\",\"@id\":\"https:\\\/\\\/www.color-lounge.com\\\/blog#listItem\",\"name\":\"Home\"}},{\"@type\":\"ListItem\",\"@id\":\"https:\\\/\\\/www.color-lounge.com\\\/blog\\\/2008\\\/panorama-04-hotel-de-ville\\\/#listItem\",\"position\":3,\"name\":\"Panorama 04 &#8211; H\\u00f4tel de ville\",\"previousItem\":{\"@type\":\"ListItem\",\"@id\":\"https:\\\/\\\/www.color-lounge.com\\\/blog\\\/category\\\/voyages\\\/#listItem\",\"name\":\"voyages\"}}]},{\"@type\":\"Organization\",\"@id\":\"https:\\\/\\\/www.color-lounge.com\\\/blog\\\/#organization\",\"name\":\"Color Lounge\",\"description\":\"Photographie, voyages, Japon et narration...\",\"url\":\"https:\\\/\\\/www.color-lounge.com\\\/blog\\\/\"},{\"@type\":\"Person\",\"@id\":\"https:\\\/\\\/www.color-lounge.com\\\/blog\\\/author\\\/elinas\\\/#author\",\"url\":\"https:\\\/\\\/www.color-lounge.com\\\/blog\\\/author\\\/elinas\\\/\",\"name\":\"C\\u00e9dric Riveau\",\"image\":{\"@type\":\"ImageObject\",\"@id\":\"https:\\\/\\\/www.color-lounge.com\\\/blog\\\/2008\\\/panorama-04-hotel-de-ville\\\/#authorImage\",\"url\":\"https:\\\/\\\/secure.gravatar.com\\\/avatar\\\/7e0abcc06290956ac1a35ec4684dc0bdd5e90a83a576d95a14c8d4bbdfa99809?s=96&d=identicon&r=g\",\"width\":96,\"height\":96,\"caption\":\"C\\u00e9dric Riveau\"}},{\"@type\":\"WebPage\",\"@id\":\"https:\\\/\\\/www.color-lounge.com\\\/blog\\\/2008\\\/panorama-04-hotel-de-ville\\\/#webpage\",\"url\":\"https:\\\/\\\/www.color-lounge.com\\\/blog\\\/2008\\\/panorama-04-hotel-de-ville\\\/\",\"name\":\"Panorama 04 \\u2013 H\\u00f4tel de ville | Color Lounge\",\"description\":\"Je me demandais s'il y avait encore la patinoire ce No\\u00ebl... et bien oui! Elle semble ne pas bouger, \\u00eatre \\u00e0 sa place \\u00e0 chaque fois que je viens. Il y avait un spectacle de jeunes professionnels qui r\\u00e9alisaient une performance - parfois tr\\u00e8s bien men\\u00e9e par des enfants entre 8 et 13 ans -\",\"inLanguage\":\"fr-FR\",\"isPartOf\":{\"@id\":\"https:\\\/\\\/www.color-lounge.com\\\/blog\\\/#website\"},\"breadcrumb\":{\"@id\":\"https:\\\/\\\/www.color-lounge.com\\\/blog\\\/2008\\\/panorama-04-hotel-de-ville\\\/#breadcrumblist\"},\"author\":{\"@id\":\"https:\\\/\\\/www.color-lounge.com\\\/blog\\\/author\\\/elinas\\\/#author\"},\"creator\":{\"@id\":\"https:\\\/\\\/www.color-lounge.com\\\/blog\\\/author\\\/elinas\\\/#author\"},\"datePublished\":\"2008-12-22T20:17:39+09:00\",\"dateModified\":\"2010-10-03T16:44:29+09:00\"},{\"@type\":\"WebSite\",\"@id\":\"https:\\\/\\\/www.color-lounge.com\\\/blog\\\/#website\",\"url\":\"https:\\\/\\\/www.color-lounge.com\\\/blog\\\/\",\"name\":\"Color Lounge\",\"description\":\"Photographie, voyages, Japon et narration...\",\"inLanguage\":\"fr-FR\",\"publisher\":{\"@id\":\"https:\\\/\\\/www.color-lounge.com\\\/blog\\\/#organization\"}}]}\n\t\t<\/script>\n\t\t<!-- All in One SEO -->\n\n","aioseo_head_json":{"title":"Panorama 04 \u2013 H\u00f4tel de ville | Color Lounge","description":"Je me demandais s'il y avait encore la patinoire ce No\u00ebl... et bien oui! Elle semble ne pas bouger, \u00eatre \u00e0 sa place \u00e0 chaque fois que je viens. Il y avait un spectacle de jeunes professionnels qui r\u00e9alisaient une performance - parfois tr\u00e8s bien men\u00e9e par des enfants entre 8 et 13 ans -","canonical_url":"https:\/\/www.color-lounge.com\/blog\/2008\/panorama-04-hotel-de-ville\/","robots":"max-image-preview:large","keywords":"","webmasterTools":{"miscellaneous":""},"schema":{"@context":"https:\/\/schema.org","@graph":[{"@type":"Article","@id":"https:\/\/www.color-lounge.com\/blog\/2008\/panorama-04-hotel-de-ville\/#article","name":"Panorama 04 \u2013 H\u00f4tel de ville | Color Lounge","headline":"Panorama 04 &#8211; H\u00f4tel de ville","author":{"@id":"https:\/\/www.color-lounge.com\/blog\/author\/elinas\/#author"},"publisher":{"@id":"https:\/\/www.color-lounge.com\/blog\/#organization"},"image":{"@type":"ImageObject","url":"http:\/\/www.color-lounge.com\/blog\/wp-content\/uploads\/2008\/12\/Paris_pano_04_petit.jpg","@id":"https:\/\/www.color-lounge.com\/blog\/2008\/panorama-04-hotel-de-ville\/#articleImage"},"datePublished":"2008-12-22T20:17:39+09:00","dateModified":"2010-10-03T16:44:29+09:00","inLanguage":"fr-FR","commentCount":1,"mainEntityOfPage":{"@id":"https:\/\/www.color-lounge.com\/blog\/2008\/panorama-04-hotel-de-ville\/#webpage"},"isPartOf":{"@id":"https:\/\/www.color-lounge.com\/blog\/2008\/panorama-04-hotel-de-ville\/#webpage"},"articleSection":"voyages, France, panorama, Paris, voyages"},{"@type":"BreadcrumbList","@id":"https:\/\/www.color-lounge.com\/blog\/2008\/panorama-04-hotel-de-ville\/#breadcrumblist","itemListElement":[{"@type":"ListItem","@id":"https:\/\/www.color-lounge.com\/blog#listItem","position":1,"name":"Home","item":"https:\/\/www.color-lounge.com\/blog","nextItem":{"@type":"ListItem","@id":"https:\/\/www.color-lounge.com\/blog\/category\/voyages\/#listItem","name":"voyages"}},{"@type":"ListItem","@id":"https:\/\/www.color-lounge.com\/blog\/category\/voyages\/#listItem","position":2,"name":"voyages","item":"https:\/\/www.color-lounge.com\/blog\/category\/voyages\/","nextItem":{"@type":"ListItem","@id":"https:\/\/www.color-lounge.com\/blog\/2008\/panorama-04-hotel-de-ville\/#listItem","name":"Panorama 04 &#8211; H\u00f4tel de ville"},"previousItem":{"@type":"ListItem","@id":"https:\/\/www.color-lounge.com\/blog#listItem","name":"Home"}},{"@type":"ListItem","@id":"https:\/\/www.color-lounge.com\/blog\/2008\/panorama-04-hotel-de-ville\/#listItem","position":3,"name":"Panorama 04 &#8211; H\u00f4tel de ville","previousItem":{"@type":"ListItem","@id":"https:\/\/www.color-lounge.com\/blog\/category\/voyages\/#listItem","name":"voyages"}}]},{"@type":"Organization","@id":"https:\/\/www.color-lounge.com\/blog\/#organization","name":"Color Lounge","description":"Photographie, voyages, Japon et narration...","url":"https:\/\/www.color-lounge.com\/blog\/"},{"@type":"Person","@id":"https:\/\/www.color-lounge.com\/blog\/author\/elinas\/#author","url":"https:\/\/www.color-lounge.com\/blog\/author\/elinas\/","name":"C\u00e9dric Riveau","image":{"@type":"ImageObject","@id":"https:\/\/www.color-lounge.com\/blog\/2008\/panorama-04-hotel-de-ville\/#authorImage","url":"https:\/\/secure.gravatar.com\/avatar\/7e0abcc06290956ac1a35ec4684dc0bdd5e90a83a576d95a14c8d4bbdfa99809?s=96&d=identicon&r=g","width":96,"height":96,"caption":"C\u00e9dric Riveau"}},{"@type":"WebPage","@id":"https:\/\/www.color-lounge.com\/blog\/2008\/panorama-04-hotel-de-ville\/#webpage","url":"https:\/\/www.color-lounge.com\/blog\/2008\/panorama-04-hotel-de-ville\/","name":"Panorama 04 \u2013 H\u00f4tel de ville | Color Lounge","description":"Je me demandais s'il y avait encore la patinoire ce No\u00ebl... et bien oui! Elle semble ne pas bouger, \u00eatre \u00e0 sa place \u00e0 chaque fois que je viens. Il y avait un spectacle de jeunes professionnels qui r\u00e9alisaient une performance - parfois tr\u00e8s bien men\u00e9e par des enfants entre 8 et 13 ans -","inLanguage":"fr-FR","isPartOf":{"@id":"https:\/\/www.color-lounge.com\/blog\/#website"},"breadcrumb":{"@id":"https:\/\/www.color-lounge.com\/blog\/2008\/panorama-04-hotel-de-ville\/#breadcrumblist"},"author":{"@id":"https:\/\/www.color-lounge.com\/blog\/author\/elinas\/#author"},"creator":{"@id":"https:\/\/www.color-lounge.com\/blog\/author\/elinas\/#author"},"datePublished":"2008-12-22T20:17:39+09:00","dateModified":"2010-10-03T16:44:29+09:00"},{"@type":"WebSite","@id":"https:\/\/www.color-lounge.com\/blog\/#website","url":"https:\/\/www.color-lounge.com\/blog\/","name":"Color Lounge","description":"Photographie, voyages, Japon et narration...","inLanguage":"fr-FR","publisher":{"@id":"https:\/\/www.color-lounge.com\/blog\/#organization"}}]}},"aioseo_meta_data":{"post_id":"1325","title":null,"description":null,"keywords":null,"keyphrases":null,"primary_term":null,"canonical_url":null,"og_title":null,"og_description":null,"og_object_type":"default","og_image_type":"default","og_image_url":null,"og_image_width":null,"og_image_height":null,"og_image_custom_url":null,"og_image_custom_fields":null,"og_video":null,"og_custom_url":null,"og_article_section":null,"og_article_tags":null,"twitter_use_og":false,"twitter_card":"default","twitter_image_type":"default","twitter_image_url":null,"twitter_image_custom_url":null,"twitter_image_custom_fields":null,"twitter_title":null,"twitter_description":null,"schema":{"blockGraphs":[],"customGraphs":[],"default":{"data":{"Article":[],"Course":[],"Dataset":[],"FAQPage":[],"Movie":[],"Person":[],"Product":[],"ProductReview":[],"Car":[],"Recipe":[],"Service":[],"SoftwareApplication":[],"WebPage":[]},"graphName":"","isEnabled":true},"graphs":[],"defaultGraph":"","defaultPostTypeGraph":""},"schema_type":null,"schema_type_options":null,"pillar_content":false,"robots_default":true,"robots_noindex":false,"robots_noarchive":false,"robots_nosnippet":false,"robots_nofollow":false,"robots_noimageindex":false,"robots_noodp":false,"robots_notranslate":false,"robots_max_snippet":null,"robots_max_videopreview":null,"robots_max_imagepreview":"large","priority":null,"frequency":null,"location":null,"local_seo":null,"breadcrumb_settings":null,"limit_modified_date":false,"ai":null,"created":"2020-12-20 21:46:23","updated":"2022-09-13 22:51:10","seo_analyzer_scan_date":null,"focus_keyword":null,"additional_keywords":null,"truseo_locale":null},"aioseo_breadcrumb":"<div class=\"aioseo-breadcrumbs\"><span class=\"aioseo-breadcrumb\">\n\t\t\t<a href=\"https:\/\/www.color-lounge.com\/blog\" title=\"Home\">Home<\/a>\n\t\t<\/span><span class=\"aioseo-breadcrumb-separator\">&raquo;<\/span><span class=\"aioseo-breadcrumb\">\n\t\t\t<a href=\"https:\/\/www.color-lounge.com\/blog\/category\/voyages\/\" title=\"voyages\">voyages<\/a>\n\t\t<\/span><span class=\"aioseo-breadcrumb-separator\">&raquo;<\/span><span class=\"aioseo-breadcrumb\">\n\t\t\tPanorama 04 \u2013 H\u00f4tel de ville\n\t\t<\/span><\/div>","aioseo_breadcrumb_json":[{"label":"Home","link":"https:\/\/www.color-lounge.com\/blog"},{"label":"voyages","link":"https:\/\/www.color-lounge.com\/blog\/category\/voyages\/"},{"label":"Panorama 04 &#8211; H\u00f4tel de ville","link":"https:\/\/www.color-lounge.com\/blog\/2008\/panorama-04-hotel-de-ville\/"}],"jetpack_publicize_connections":[],"jetpack_sharing_enabled":true,"jetpack_shortlink":"https:\/\/wp.me\/p5BAbw-ln","jetpack_featured_media_url":"","_links":{"self":[{"href":"https:\/\/www.color-lounge.com\/blog\/wp-json\/wp\/v2\/posts\/1325","targetHints":{"allow":["GET"]}}],"collection":[{"href":"https:\/\/www.color-lounge.com\/blog\/wp-json\/wp\/v2\/posts"}],"about":[{"href":"https:\/\/www.color-lounge.com\/blog\/wp-json\/wp\/v2\/types\/post"}],"author":[{"embeddable":true,"href":"https:\/\/www.color-lounge.com\/blog\/wp-json\/wp\/v2\/users\/2"}],"replies":[{"embeddable":true,"href":"https:\/\/www.color-lounge.com\/blog\/wp-json\/wp\/v2\/comments?post=1325"}],"version-history":[{"count":6,"href":"https:\/\/www.color-lounge.com\/blog\/wp-json\/wp\/v2\/posts\/1325\/revisions"}],"predecessor-version":[{"id":2971,"href":"https:\/\/www.color-lounge.com\/blog\/wp-json\/wp\/v2\/posts\/1325\/revisions\/2971"}],"wp:attachment":[{"href":"https:\/\/www.color-lounge.com\/blog\/wp-json\/wp\/v2\/media?parent=1325"}],"wp:term":[{"taxonomy":"category","embeddable":true,"href":"https:\/\/www.color-lounge.com\/blog\/wp-json\/wp\/v2\/categories?post=1325"},{"taxonomy":"post_tag","embeddable":true,"href":"https:\/\/www.color-lounge.com\/blog\/wp-json\/wp\/v2\/tags?post=1325"}],"curies":[{"name":"wp","href":"https:\/\/api.w.org\/{rel}","templated":true}]}}