{"id":1318,"date":"2008-12-20T22:08:56","date_gmt":"2008-12-20T13:08:56","guid":{"rendered":"http:\/\/www.color-lounge.com\/blog\/?p=1318"},"modified":"2010-10-03T16:49:46","modified_gmt":"2010-10-03T07:49:46","slug":"panorama-02-beaubourg","status":"publish","type":"post","link":"https:\/\/www.color-lounge.com\/blog\/2008\/panorama-02-beaubourg\/","title":{"rendered":"Panorama 02 &#8211; Beaubourg"},"content":{"rendered":"<p><a title=\"Panorama Centre Pompidou\" href=\"https:\/\/i0.wp.com\/www.color-lounge.com\/blog\/wp-content\/uploads\/2008\/12\/Paris_pano_02.jpg?ssl=1\"><img data-recalc-dims=\"1\" decoding=\"async\" src=\"https:\/\/i0.wp.com\/www.color-lounge.com\/blog\/wp-content\/uploads\/2008\/12\/Paris_pano_02_petit.jpg?w=640&#038;ssl=1\" alt=\"Panorama Centre Pompidou\" \/><\/a><br \/>\nUn touriste \u00e0 Paris&#8230; voil\u00e0 ce que je suis. Dans mon propre pays, je ne suis qu&rsquo;un touriste. Je n&rsquo;arr\u00eate pas de me faire cette r\u00e9flexion. Et j&rsquo;aime bien&#8230; Je retrouve cette ville avec bonheur et je la prends en photo comme un touriste qui la visite pour la premi\u00e8re fois.<br \/>\nBien s\u00fbr, je me suis balad\u00e9 dans le Marais, mon quartier ador\u00e9&#8230; et en apercevant Pompidou, je me suis dit: Tu n&rsquo;as pas de pano de ce mus\u00e9e! C&rsquo;est chose r\u00e9par\u00e9e!<\/p>\n<p>Pour la petite histoire, il a ouvert l&rsquo;ann\u00e9e de mes 6 ans (1977) et \u00e0 l&rsquo;\u00e9cole, avec ma ma\u00eetresse ador\u00e9e &#8211; Madame Duits &#8211; on avait pr\u00e9par\u00e9 cette ouverture, cette visite pendant longtemps. Et je ne sais pourquoi, mais dans la classe, on avait un jeu qui consistait \u00e0 mettre \u00ab\u00a0tout en\u00a0\u00bb devant beaucoup de choses. Ce mus\u00e9e aux mati\u00e8res \u00e9tonnantes, cette provocation architecturale au milieu de la ville, cette protub\u00e9rance m\u00e9tallique compos\u00e9e de tuyaux ne pouvait avoir qu&rsquo;un nom pour nous: \u00ab\u00a0tout en tuyaux\u00a0\u00bb. J&rsquo;utilise encore cette expression pour en parler&#8230;<\/p>\n","protected":false},"excerpt":{"rendered":"<p>Un touriste \u00e0 Paris&#8230; voil\u00e0 ce que je suis. Dans mon propre pays, je ne suis qu&rsquo;un touriste. Je n&rsquo;arr\u00eate pas de me faire cette r\u00e9flexion. Et j&rsquo;aime bien&#8230; Je retrouve cette ville avec bonheur et je la prends en photo comme un touriste qui la visite pour la premi\u00e8re fois. Bien s\u00fbr, je me [&hellip;]<\/p>\n","protected":false},"author":2,"featured_media":0,"comment_status":"open","ping_status":"open","sticky":false,"template":"","format":"standard","meta":{"ngg_post_thumbnail":0,"jetpack_post_was_ever_published":false,"_jetpack_newsletter_access":"","_jetpack_dont_email_post_to_subs":false,"_jetpack_newsletter_tier_id":0,"_jetpack_memberships_contains_paywalled_content":false,"_jetpack_memberships_contains_paid_content":false,"footnotes":"","jetpack_publicize_message":"","jetpack_publicize_feature_enabled":true,"jetpack_social_post_already_shared":false,"jetpack_social_options":{"image_generator_settings":{"template":"highway","default_image_id":0,"font":"","enabled":false},"version":2}},"categories":[13],"tags":[65,2509,64,2495],"class_list":["post-1318","post","type-post","status-publish","format-standard","hentry","category-voyages","tag-france","tag-panorama","tag-paris","tag-voyages"],"aioseo_notices":[],"jetpack_publicize_connections":[],"jetpack_featured_media_url":"","jetpack_sharing_enabled":true,"jetpack_shortlink":"https:\/\/wp.me\/p5BAbw-lg","_links":{"self":[{"href":"https:\/\/www.color-lounge.com\/blog\/wp-json\/wp\/v2\/posts\/1318","targetHints":{"allow":["GET"]}}],"collection":[{"href":"https:\/\/www.color-lounge.com\/blog\/wp-json\/wp\/v2\/posts"}],"about":[{"href":"https:\/\/www.color-lounge.com\/blog\/wp-json\/wp\/v2\/types\/post"}],"author":[{"embeddable":true,"href":"https:\/\/www.color-lounge.com\/blog\/wp-json\/wp\/v2\/users\/2"}],"replies":[{"embeddable":true,"href":"https:\/\/www.color-lounge.com\/blog\/wp-json\/wp\/v2\/comments?post=1318"}],"version-history":[{"count":7,"href":"https:\/\/www.color-lounge.com\/blog\/wp-json\/wp\/v2\/posts\/1318\/revisions"}],"predecessor-version":[{"id":2974,"href":"https:\/\/www.color-lounge.com\/blog\/wp-json\/wp\/v2\/posts\/1318\/revisions\/2974"}],"wp:attachment":[{"href":"https:\/\/www.color-lounge.com\/blog\/wp-json\/wp\/v2\/media?parent=1318"}],"wp:term":[{"taxonomy":"category","embeddable":true,"href":"https:\/\/www.color-lounge.com\/blog\/wp-json\/wp\/v2\/categories?post=1318"},{"taxonomy":"post_tag","embeddable":true,"href":"https:\/\/www.color-lounge.com\/blog\/wp-json\/wp\/v2\/tags?post=1318"}],"curies":[{"name":"wp","href":"https:\/\/api.w.org\/{rel}","templated":true}]}}