{"id":13000,"date":"2016-08-11T19:44:56","date_gmt":"2016-08-11T10:44:56","guid":{"rendered":"http:\/\/www.color-lounge.com\/blog\/?p=13000"},"modified":"2016-08-12T10:21:01","modified_gmt":"2016-08-12T01:21:01","slug":"portraits-de-setouchi","status":"publish","type":"post","link":"https:\/\/www.color-lounge.com\/blog\/2016\/portraits-de-setouchi\/","title":{"rendered":"Portraits de Setouchi"},"content":{"rendered":"<p>Les 10 jours dans les \u00eeles de l&rsquo;est de la mer Setouchi pour <a href=\"http:\/\/setouchi art triennale 2016\" target=\"_blank\">la triennale d&rsquo;art contemporain<\/a> ont \u00e9t\u00e9 quelque chose !<br \/>\nEn attendant plus de photographies sur ce voyage, voici quelques portraits pris sur les diff\u00e9rentes \u00eeles visit\u00e9es : <a href=\"http:\/\/setouchi-artfest.jp\/en\/artworks-artists\/artworks\/shodoshima\/\" target=\"_blank\">Shodoshima<\/a>, <a href=\"http:\/\/setouchi-artfest.jp\/en\/artworks-artists\/artworks\/teshima\/\" target=\"_blank\">Teshima<\/a>, <a href=\"http:\/\/setouchi-artfest.jp\/en\/artworks-artists\/artworks\/inujima\/\" target=\"_blank\">Inujima<\/a>, <a href=\"http:\/\/setouchi-artfest.jp\/en\/artworks-artists\/artworks\/naoshima\/\" target=\"_blank\">Naoshima<\/a>, <a href=\"http:\/\/setouchi-artfest.jp\/en\/artworks-artists\/artworks\/ogijima\/\" target=\"_blank\">Ogijima<\/a>, <a href=\"http:\/\/setouchi-artfest.jp\/en\/artworks-artists\/artworks\/megijima\/\" target=\"_blank\">Megijima<\/a> et <a href=\"http:\/\/setouchi-artfest.jp\/en\/artworks-artists\/artworks\/oshima\/\" target=\"_blank\">Oshima<\/a>.<\/p>\n<p><img data-recalc-dims=\"1\" loading=\"lazy\" decoding=\"async\" data-attachment-id=\"13001\" data-permalink=\"https:\/\/www.color-lounge.com\/blog\/2016\/portraits-de-setouchi\/_dsc0004_bw\/#main\" data-orig-file=\"https:\/\/i0.wp.com\/www.color-lounge.com\/blog\/wp-content\/uploads\/2016\/08\/DSC0004_bw.jpg?fit=1000%2C646&amp;ssl=1\" data-orig-size=\"1000,646\" data-comments-opened=\"1\" data-image-meta=\"{&quot;aperture&quot;:&quot;2.8&quot;,&quot;credit&quot;:&quot;Cedric Riveau&quot;,&quot;camera&quot;:&quot;DSC-RX100M4&quot;,&quot;caption&quot;:&quot;&quot;,&quot;created_timestamp&quot;:&quot;1470620807&quot;,&quot;copyright&quot;:&quot;Cedric Riveau&quot;,&quot;focal_length&quot;:&quot;25.7&quot;,&quot;iso&quot;:&quot;125&quot;,&quot;shutter_speed&quot;:&quot;0.0025&quot;,&quot;title&quot;:&quot;&quot;,&quot;orientation&quot;:&quot;1&quot;}\" data-image-title=\"portrait &amp;#8211; Inujima\" data-image-description=\"\" data-image-caption=\"\" data-large-file=\"https:\/\/i0.wp.com\/www.color-lounge.com\/blog\/wp-content\/uploads\/2016\/08\/DSC0004_bw.jpg?fit=640%2C413&amp;ssl=1\" class=\"aligncenter size-full wp-image-13001\" src=\"https:\/\/i0.wp.com\/www.color-lounge.com\/blog\/wp-content\/uploads\/2016\/08\/DSC0004_bw.jpg?resize=640%2C413&#038;ssl=1\" alt=\"C\u00e9dric Riveau\" width=\"640\" height=\"413\" srcset=\"https:\/\/i0.wp.com\/www.color-lounge.com\/blog\/wp-content\/uploads\/2016\/08\/DSC0004_bw.jpg?w=1000&amp;ssl=1 1000w, https:\/\/i0.wp.com\/www.color-lounge.com\/blog\/wp-content\/uploads\/2016\/08\/DSC0004_bw.jpg?resize=800%2C517&amp;ssl=1 800w, https:\/\/i0.wp.com\/www.color-lounge.com\/blog\/wp-content\/uploads\/2016\/08\/DSC0004_bw.jpg?resize=768%2C496&amp;ssl=1 768w\" sizes=\"auto, (max-width: 640px) 100vw, 640px\" \/><br \/>\n\u2191 Terminal du ferry \u00e0 Ogijima<\/p>\n<p><img data-recalc-dims=\"1\" loading=\"lazy\" decoding=\"async\" data-attachment-id=\"13002\" data-permalink=\"https:\/\/www.color-lounge.com\/blog\/2016\/portraits-de-setouchi\/_dsc9509_bw\/#main\" data-orig-file=\"https:\/\/i0.wp.com\/www.color-lounge.com\/blog\/wp-content\/uploads\/2016\/08\/DSC9509_bw.jpg?fit=1000%2C1000&amp;ssl=1\" data-orig-size=\"1000,1000\" data-comments-opened=\"1\" data-image-meta=\"{&quot;aperture&quot;:&quot;2.8&quot;,&quot;credit&quot;:&quot;Cedric Riveau&quot;,&quot;camera&quot;:&quot;DSC-RX100M4&quot;,&quot;caption&quot;:&quot;&quot;,&quot;created_timestamp&quot;:&quot;1470049337&quot;,&quot;copyright&quot;:&quot;Cedric Riveau&quot;,&quot;focal_length&quot;:&quot;13.53&quot;,&quot;iso&quot;:&quot;1000&quot;,&quot;shutter_speed&quot;:&quot;0.004&quot;,&quot;title&quot;:&quot;&quot;,&quot;orientation&quot;:&quot;1&quot;}\" data-image-title=\"portrait &amp;#8211; Shodoshima\" data-image-description=\"\" data-image-caption=\"\" data-large-file=\"https:\/\/i0.wp.com\/www.color-lounge.com\/blog\/wp-content\/uploads\/2016\/08\/DSC9509_bw.jpg?fit=640%2C640&amp;ssl=1\" class=\"aligncenter size-full wp-image-13002\" src=\"https:\/\/i0.wp.com\/www.color-lounge.com\/blog\/wp-content\/uploads\/2016\/08\/DSC9509_bw.jpg?resize=640%2C640&#038;ssl=1\" alt=\"C\u00e9dric Riveau\" width=\"640\" height=\"640\" srcset=\"https:\/\/i0.wp.com\/www.color-lounge.com\/blog\/wp-content\/uploads\/2016\/08\/DSC9509_bw.jpg?w=1000&amp;ssl=1 1000w, https:\/\/i0.wp.com\/www.color-lounge.com\/blog\/wp-content\/uploads\/2016\/08\/DSC9509_bw.jpg?resize=800%2C800&amp;ssl=1 800w, https:\/\/i0.wp.com\/www.color-lounge.com\/blog\/wp-content\/uploads\/2016\/08\/DSC9509_bw.jpg?resize=768%2C768&amp;ssl=1 768w, https:\/\/i0.wp.com\/www.color-lounge.com\/blog\/wp-content\/uploads\/2016\/08\/DSC9509_bw.jpg?resize=120%2C120&amp;ssl=1 120w\" sizes=\"auto, (max-width: 640px) 100vw, 640px\" \/><br \/>\n\u2191 Chef et patron de l&rsquo;izakaya <a href=\"https:\/\/goo.gl\/maps\/JGMi4eXmWR92\" target=\"_blank\">Ajisai<\/a> \u00e0 Shodoshima<\/p>\n<p><img data-recalc-dims=\"1\" loading=\"lazy\" decoding=\"async\" data-attachment-id=\"13003\" data-permalink=\"https:\/\/www.color-lounge.com\/blog\/2016\/portraits-de-setouchi\/_dsc9570_bw\/#main\" data-orig-file=\"https:\/\/i0.wp.com\/www.color-lounge.com\/blog\/wp-content\/uploads\/2016\/08\/DSC9570_bw.jpg?fit=1000%2C667&amp;ssl=1\" data-orig-size=\"1000,667\" data-comments-opened=\"1\" data-image-meta=\"{&quot;aperture&quot;:&quot;4.5&quot;,&quot;credit&quot;:&quot;Cedric Riveau&quot;,&quot;camera&quot;:&quot;DSC-RX100M4&quot;,&quot;caption&quot;:&quot;&quot;,&quot;created_timestamp&quot;:&quot;1470124975&quot;,&quot;copyright&quot;:&quot;Cedric Riveau&quot;,&quot;focal_length&quot;:&quot;23.9&quot;,&quot;iso&quot;:&quot;125&quot;,&quot;shutter_speed&quot;:&quot;0.0125&quot;,&quot;title&quot;:&quot;&quot;,&quot;orientation&quot;:&quot;1&quot;}\" data-image-title=\"portrait &amp;#8211; Shodoshima\" data-image-description=\"\" data-image-caption=\"\" data-large-file=\"https:\/\/i0.wp.com\/www.color-lounge.com\/blog\/wp-content\/uploads\/2016\/08\/DSC9570_bw.jpg?fit=640%2C427&amp;ssl=1\" class=\"aligncenter size-full wp-image-13003\" src=\"https:\/\/i0.wp.com\/www.color-lounge.com\/blog\/wp-content\/uploads\/2016\/08\/DSC9570_bw.jpg?resize=640%2C427&#038;ssl=1\" alt=\"C\u00e9dric Riveau\" width=\"640\" height=\"427\" srcset=\"https:\/\/i0.wp.com\/www.color-lounge.com\/blog\/wp-content\/uploads\/2016\/08\/DSC9570_bw.jpg?w=1000&amp;ssl=1 1000w, https:\/\/i0.wp.com\/www.color-lounge.com\/blog\/wp-content\/uploads\/2016\/08\/DSC9570_bw.jpg?resize=800%2C534&amp;ssl=1 800w, https:\/\/i0.wp.com\/www.color-lounge.com\/blog\/wp-content\/uploads\/2016\/08\/DSC9570_bw.jpg?resize=768%2C512&amp;ssl=1 768w\" sizes=\"auto, (max-width: 640px) 100vw, 640px\" \/><br \/>\n\u2191 Quelque part \u00e0 Shodoshima<\/p>\n<p><img data-recalc-dims=\"1\" loading=\"lazy\" decoding=\"async\" data-attachment-id=\"13004\" data-permalink=\"https:\/\/www.color-lounge.com\/blog\/2016\/portraits-de-setouchi\/_dsc9608_f\/#main\" data-orig-file=\"https:\/\/i0.wp.com\/www.color-lounge.com\/blog\/wp-content\/uploads\/2016\/08\/DSC9608_f.jpg?fit=1000%2C667&amp;ssl=1\" data-orig-size=\"1000,667\" data-comments-opened=\"1\" data-image-meta=\"{&quot;aperture&quot;:&quot;1.8&quot;,&quot;credit&quot;:&quot;Cedric Riveau&quot;,&quot;camera&quot;:&quot;DSC-RX100M4&quot;,&quot;caption&quot;:&quot;&quot;,&quot;created_timestamp&quot;:&quot;1470197290&quot;,&quot;copyright&quot;:&quot;Cedric Riveau&quot;,&quot;focal_length&quot;:&quot;8.8&quot;,&quot;iso&quot;:&quot;320&quot;,&quot;shutter_speed&quot;:&quot;0.033333333333333&quot;,&quot;title&quot;:&quot;&quot;,&quot;orientation&quot;:&quot;1&quot;}\" data-image-title=\"portrait &amp;#8211; Teshima\" data-image-description=\"\" data-image-caption=\"\" data-large-file=\"https:\/\/i0.wp.com\/www.color-lounge.com\/blog\/wp-content\/uploads\/2016\/08\/DSC9608_f.jpg?fit=640%2C427&amp;ssl=1\" class=\"aligncenter size-full wp-image-13004\" src=\"https:\/\/i0.wp.com\/www.color-lounge.com\/blog\/wp-content\/uploads\/2016\/08\/DSC9608_f.jpg?resize=640%2C427&#038;ssl=1\" alt=\"C\u00e9dric Riveau\" width=\"640\" height=\"427\" srcset=\"https:\/\/i0.wp.com\/www.color-lounge.com\/blog\/wp-content\/uploads\/2016\/08\/DSC9608_f.jpg?w=1000&amp;ssl=1 1000w, https:\/\/i0.wp.com\/www.color-lounge.com\/blog\/wp-content\/uploads\/2016\/08\/DSC9608_f.jpg?resize=800%2C534&amp;ssl=1 800w, https:\/\/i0.wp.com\/www.color-lounge.com\/blog\/wp-content\/uploads\/2016\/08\/DSC9608_f.jpg?resize=768%2C512&amp;ssl=1 768w\" sizes=\"auto, (max-width: 640px) 100vw, 640px\" \/><br \/>\n\u2191 \u00c9picerie de Teshima vers le port de Karato<\/p>\n<p><img data-recalc-dims=\"1\" loading=\"lazy\" decoding=\"async\" data-attachment-id=\"13005\" data-permalink=\"https:\/\/www.color-lounge.com\/blog\/2016\/portraits-de-setouchi\/_dsc9641_bw\/#main\" data-orig-file=\"https:\/\/i0.wp.com\/www.color-lounge.com\/blog\/wp-content\/uploads\/2016\/08\/DSC9641_bw.jpg?fit=1000%2C1000&amp;ssl=1\" data-orig-size=\"1000,1000\" data-comments-opened=\"1\" data-image-meta=\"{&quot;aperture&quot;:&quot;2.8&quot;,&quot;credit&quot;:&quot;Cedric Riveau&quot;,&quot;camera&quot;:&quot;DSC-RX100M4&quot;,&quot;caption&quot;:&quot;&quot;,&quot;created_timestamp&quot;:&quot;1470218633&quot;,&quot;copyright&quot;:&quot;Cedric Riveau&quot;,&quot;focal_length&quot;:&quot;21.19&quot;,&quot;iso&quot;:&quot;800&quot;,&quot;shutter_speed&quot;:&quot;0.04&quot;,&quot;title&quot;:&quot;&quot;,&quot;orientation&quot;:&quot;1&quot;}\" data-image-title=\"portrait &amp;#8211; Teshima\" data-image-description=\"\" data-image-caption=\"\" data-large-file=\"https:\/\/i0.wp.com\/www.color-lounge.com\/blog\/wp-content\/uploads\/2016\/08\/DSC9641_bw.jpg?fit=640%2C640&amp;ssl=1\" class=\"aligncenter size-full wp-image-13005\" src=\"https:\/\/i0.wp.com\/www.color-lounge.com\/blog\/wp-content\/uploads\/2016\/08\/DSC9641_bw.jpg?resize=640%2C640&#038;ssl=1\" alt=\"C\u00e9dric Riveau\" width=\"640\" height=\"640\" srcset=\"https:\/\/i0.wp.com\/www.color-lounge.com\/blog\/wp-content\/uploads\/2016\/08\/DSC9641_bw.jpg?w=1000&amp;ssl=1 1000w, https:\/\/i0.wp.com\/www.color-lounge.com\/blog\/wp-content\/uploads\/2016\/08\/DSC9641_bw.jpg?resize=800%2C800&amp;ssl=1 800w, https:\/\/i0.wp.com\/www.color-lounge.com\/blog\/wp-content\/uploads\/2016\/08\/DSC9641_bw.jpg?resize=768%2C768&amp;ssl=1 768w, https:\/\/i0.wp.com\/www.color-lounge.com\/blog\/wp-content\/uploads\/2016\/08\/DSC9641_bw.jpg?resize=120%2C120&amp;ssl=1 120w\" sizes=\"auto, (max-width: 640px) 100vw, 640px\" \/><br \/>\n\u2191 Un habitu\u00e9 du \u00ab\u00a0restaurant\u00a0\u00bb <a href=\"https:\/\/goo.gl\/maps\/PmvtXqxLmTM2\" target=\"_blank\">Oonishi<\/a> \u00e0 Teshima<\/p>\n<p><img data-recalc-dims=\"1\" loading=\"lazy\" decoding=\"async\" data-attachment-id=\"13006\" data-permalink=\"https:\/\/www.color-lounge.com\/blog\/2016\/portraits-de-setouchi\/_dsc9644_f\/#main\" data-orig-file=\"https:\/\/i0.wp.com\/www.color-lounge.com\/blog\/wp-content\/uploads\/2016\/08\/DSC9644_f.jpg?fit=1000%2C1000&amp;ssl=1\" data-orig-size=\"1000,1000\" data-comments-opened=\"1\" data-image-meta=\"{&quot;aperture&quot;:&quot;2.8&quot;,&quot;credit&quot;:&quot;Cedric Riveau&quot;,&quot;camera&quot;:&quot;DSC-RX100M4&quot;,&quot;caption&quot;:&quot;&quot;,&quot;created_timestamp&quot;:&quot;1470270884&quot;,&quot;copyright&quot;:&quot;Cedric Riveau&quot;,&quot;focal_length&quot;:&quot;15.74&quot;,&quot;iso&quot;:&quot;200&quot;,&quot;shutter_speed&quot;:&quot;0.02&quot;,&quot;title&quot;:&quot;&quot;,&quot;orientation&quot;:&quot;1&quot;}\" data-image-title=\"portrait &amp;#8211; Teshima\" data-image-description=\"\" data-image-caption=\"\" data-large-file=\"https:\/\/i0.wp.com\/www.color-lounge.com\/blog\/wp-content\/uploads\/2016\/08\/DSC9644_f.jpg?fit=640%2C640&amp;ssl=1\" class=\"aligncenter size-full wp-image-13006\" src=\"https:\/\/i0.wp.com\/www.color-lounge.com\/blog\/wp-content\/uploads\/2016\/08\/DSC9644_f.jpg?resize=640%2C640&#038;ssl=1\" alt=\"C\u00e9dric Riveau\" width=\"640\" height=\"640\" srcset=\"https:\/\/i0.wp.com\/www.color-lounge.com\/blog\/wp-content\/uploads\/2016\/08\/DSC9644_f.jpg?w=1000&amp;ssl=1 1000w, https:\/\/i0.wp.com\/www.color-lounge.com\/blog\/wp-content\/uploads\/2016\/08\/DSC9644_f.jpg?resize=800%2C800&amp;ssl=1 800w, https:\/\/i0.wp.com\/www.color-lounge.com\/blog\/wp-content\/uploads\/2016\/08\/DSC9644_f.jpg?resize=768%2C768&amp;ssl=1 768w, https:\/\/i0.wp.com\/www.color-lounge.com\/blog\/wp-content\/uploads\/2016\/08\/DSC9644_f.jpg?resize=120%2C120&amp;ssl=1 120w\" sizes=\"auto, (max-width: 640px) 100vw, 640px\" \/><br \/>\n\u2191 Yoshida san du caf\u00e9 <a href=\"http:\/\/teshima-mizutamaya.com\">Mizutamaya<\/a>\u00a0\u00e0 Teshima<br \/>\nMomoko est le pr\u00e9nom. Tr\u00e8s discr\u00e8te et tr\u00e8s pos\u00e9e, Momoko vous accueille dans un int\u00e9rieur <em>cosy<\/em> et tr\u00e8s artistique, enti\u00e8rement arrang\u00e9 par ses soins. Elle pr\u00e9pare elle-m\u00eame sa confiture et son pain de mie &#8211; tr\u00e8s bon &#8211; et propose des toasts pour un petit d\u00e9jeuner ou un go\u00fbter \u00ab\u00a0comme \u00e0 la maison\u00a0\u00bb servis avec du th\u00e9 ou du caf\u00e9 organique qu&rsquo;elle commande sur Internet. C&rsquo;est ainsi que Momoko fonctionne : en compl\u00e8te autonomie.<br \/>\nIl y a 4 ans, \u00e0 28 ans, elle a plaqu\u00e9 Tokyo o\u00f9 elle travaillait, Chiba o\u00f9 elle est n\u00e9e pour s&rsquo;installer \u00e0 Teshima, au milieu de la mer int\u00e9rieure de Seto. Son go\u00fbt pour l&rsquo;art &#8211; bien qu&rsquo;il ait un peu pass\u00e9 d\u00e9sormais &#8211; l&rsquo;a bien \u00e9videmment amen\u00e9 dans cette zone connue pour l&rsquo;art contemporain. Momoko travaillait comme journaliste au journal Asahi puis a d\u00e9cid\u00e9 d&rsquo;ouvrir un caf\u00e9 et d&rsquo;acheter des v\u00e9los pour les proposer \u00e0 la location aux visiteurs de Teshima.<br \/>\nSi elle a r\u00e9ussi \u00e0 s&rsquo;habituer \u00e0 la vie tranquille de l&rsquo;\u00eele et de la r\u00e9gion avec sa jolie maison avec une cour, elle n&rsquo;a plus la passion de l&rsquo;art contemporain qui l&rsquo;avait pouss\u00e9e \u00e0 choisir Teshima. Elle pense m\u00eame \u00e0 revenir \u00e0 Tokyo pour changer \u00e0 nouveau de vie.<br \/>\nJe ne saurais donc trop vous recommander d&rsquo;y aller si vous \u00eates de passage dans le coin.<\/p>\n<p><img data-recalc-dims=\"1\" loading=\"lazy\" decoding=\"async\" data-attachment-id=\"13007\" data-permalink=\"https:\/\/www.color-lounge.com\/blog\/2016\/portraits-de-setouchi\/_dsc9671_bw\/#main\" data-orig-file=\"https:\/\/i0.wp.com\/www.color-lounge.com\/blog\/wp-content\/uploads\/2016\/08\/DSC9671_bw.jpg?fit=1000%2C667&amp;ssl=1\" data-orig-size=\"1000,667\" data-comments-opened=\"1\" data-image-meta=\"{&quot;aperture&quot;:&quot;5.6&quot;,&quot;credit&quot;:&quot;Cedric Riveau&quot;,&quot;camera&quot;:&quot;DSC-RX100M4&quot;,&quot;caption&quot;:&quot;&quot;,&quot;created_timestamp&quot;:&quot;1470284431&quot;,&quot;copyright&quot;:&quot;Cedric Riveau&quot;,&quot;focal_length&quot;:&quot;20.05&quot;,&quot;iso&quot;:&quot;125&quot;,&quot;shutter_speed&quot;:&quot;0.0025&quot;,&quot;title&quot;:&quot;&quot;,&quot;orientation&quot;:&quot;1&quot;}\" data-image-title=\"portrait &amp;#8211; Teshima\" data-image-description=\"\" data-image-caption=\"\" data-large-file=\"https:\/\/i0.wp.com\/www.color-lounge.com\/blog\/wp-content\/uploads\/2016\/08\/DSC9671_bw.jpg?fit=640%2C427&amp;ssl=1\" class=\"aligncenter size-full wp-image-13007\" src=\"https:\/\/i0.wp.com\/www.color-lounge.com\/blog\/wp-content\/uploads\/2016\/08\/DSC9671_bw.jpg?resize=640%2C427&#038;ssl=1\" alt=\"C\u00e9dric Riveau\" width=\"640\" height=\"427\" srcset=\"https:\/\/i0.wp.com\/www.color-lounge.com\/blog\/wp-content\/uploads\/2016\/08\/DSC9671_bw.jpg?w=1000&amp;ssl=1 1000w, https:\/\/i0.wp.com\/www.color-lounge.com\/blog\/wp-content\/uploads\/2016\/08\/DSC9671_bw.jpg?resize=800%2C534&amp;ssl=1 800w, https:\/\/i0.wp.com\/www.color-lounge.com\/blog\/wp-content\/uploads\/2016\/08\/DSC9671_bw.jpg?resize=768%2C512&amp;ssl=1 768w\" sizes=\"auto, (max-width: 640px) 100vw, 640px\" \/><br \/>\n\u2191 Sono san \u00e0 Teshima<br \/>\nIl d\u00e9friche un peu chaque jour des champs d&rsquo;herbes folles comme celui-ci. J&rsquo;ai bien \u00e9videmment remarqu\u00e9 sa petite voiture \u00e9lectrique pour personnes \u00e2g\u00e9es en allant le voir mais c&rsquo;est quand je l&rsquo;ai vu se tourner vers moi \u00e0 l&rsquo;aide de ses bras que j&rsquo;ai compris. Sono san n&rsquo;a que deux moignons \u00e0 la place des jambes, jusqu&rsquo;\u00e0 mi-cuisses. Chaque jour donc, il coupe une dizaine de m\u00e8tre-carr\u00e9 sous une chaleur de plomb, le tout avec la simple volont\u00e9 de b\u00e9n\u00e9vole : \u00ab\u00a0Ben quoi, il faut que l&rsquo;\u00eele reste bien entretenue pour les visiteurs !\u00a0\u00bb<br \/>\nFaire une photographie ne lui a pos\u00e9 aucun probl\u00e8me mais il n&rsquo;a pas perdu le nord en me demandant de mettre sur le bas-c\u00f4t\u00e9 de la route une gerbe de roseaux coup\u00e9e par ses soins. Du coup, j&rsquo;ai ramass\u00e9 les 6 gerbes qu&rsquo;il avait faites et les ai mises \u00e0 c\u00f4t\u00e9 de son scooter pour handicap\u00e9. Cela me faisait plaisir et \u00e0 lui aussi. Tr\u00e8s fier de m&rsquo;expliquer ce qu&rsquo;il faisait \u00e0 75 ans pour la communaut\u00e9, j&rsquo;\u00e9tais ravi qu&rsquo;il accepte que je fasse son portrait et qu&rsquo;il me raconte bri\u00e8vement la raison de sa pr\u00e9sence au milieu de ce champ.<\/p>\n<p><img data-recalc-dims=\"1\" loading=\"lazy\" decoding=\"async\" data-attachment-id=\"13008\" data-permalink=\"https:\/\/www.color-lounge.com\/blog\/2016\/portraits-de-setouchi\/_dsc9675_f\/#main\" data-orig-file=\"https:\/\/i0.wp.com\/www.color-lounge.com\/blog\/wp-content\/uploads\/2016\/08\/DSC9675_f.jpg?fit=1000%2C667&amp;ssl=1\" data-orig-size=\"1000,667\" data-comments-opened=\"1\" data-image-meta=\"{&quot;aperture&quot;:&quot;2.8&quot;,&quot;credit&quot;:&quot;Cedric Riveau&quot;,&quot;camera&quot;:&quot;DSC-RX100M4&quot;,&quot;caption&quot;:&quot;&quot;,&quot;created_timestamp&quot;:&quot;1470297219&quot;,&quot;copyright&quot;:&quot;Cedric Riveau&quot;,&quot;focal_length&quot;:&quot;13.16&quot;,&quot;iso&quot;:&quot;640&quot;,&quot;shutter_speed&quot;:&quot;0.025&quot;,&quot;title&quot;:&quot;&quot;,&quot;orientation&quot;:&quot;1&quot;}\" data-image-title=\"portrait &amp;#8211; Teshima\" data-image-description=\"\" data-image-caption=\"\" data-large-file=\"https:\/\/i0.wp.com\/www.color-lounge.com\/blog\/wp-content\/uploads\/2016\/08\/DSC9675_f.jpg?fit=640%2C427&amp;ssl=1\" class=\"aligncenter size-full wp-image-13008\" src=\"https:\/\/i0.wp.com\/www.color-lounge.com\/blog\/wp-content\/uploads\/2016\/08\/DSC9675_f.jpg?resize=640%2C427&#038;ssl=1\" alt=\"C\u00e9dric Riveau\" width=\"640\" height=\"427\" srcset=\"https:\/\/i0.wp.com\/www.color-lounge.com\/blog\/wp-content\/uploads\/2016\/08\/DSC9675_f.jpg?w=1000&amp;ssl=1 1000w, https:\/\/i0.wp.com\/www.color-lounge.com\/blog\/wp-content\/uploads\/2016\/08\/DSC9675_f.jpg?resize=800%2C534&amp;ssl=1 800w, https:\/\/i0.wp.com\/www.color-lounge.com\/blog\/wp-content\/uploads\/2016\/08\/DSC9675_f.jpg?resize=768%2C512&amp;ssl=1 768w\" sizes=\"auto, (max-width: 640px) 100vw, 640px\" \/><br \/>\n\u2191 \u00c9picerie de Teshima vers Ieura<\/p>\n<p><img data-recalc-dims=\"1\" loading=\"lazy\" decoding=\"async\" data-attachment-id=\"13009\" data-permalink=\"https:\/\/www.color-lounge.com\/blog\/2016\/portraits-de-setouchi\/_dsc9727_f\/#main\" data-orig-file=\"https:\/\/i0.wp.com\/www.color-lounge.com\/blog\/wp-content\/uploads\/2016\/08\/DSC9727_f.jpg?fit=1000%2C1000&amp;ssl=1\" data-orig-size=\"1000,1000\" data-comments-opened=\"1\" data-image-meta=\"{&quot;aperture&quot;:&quot;5.6&quot;,&quot;credit&quot;:&quot;Cedric Riveau&quot;,&quot;camera&quot;:&quot;DSC-RX100M4&quot;,&quot;caption&quot;:&quot;&quot;,&quot;created_timestamp&quot;:&quot;1470365466&quot;,&quot;copyright&quot;:&quot;Cedric Riveau&quot;,&quot;focal_length&quot;:&quot;19.1&quot;,&quot;iso&quot;:&quot;125&quot;,&quot;shutter_speed&quot;:&quot;0.0025&quot;,&quot;title&quot;:&quot;&quot;,&quot;orientation&quot;:&quot;1&quot;}\" data-image-title=\"portrait &amp;#8211; Inujima\" data-image-description=\"\" data-image-caption=\"\" data-large-file=\"https:\/\/i0.wp.com\/www.color-lounge.com\/blog\/wp-content\/uploads\/2016\/08\/DSC9727_f.jpg?fit=640%2C640&amp;ssl=1\" class=\"aligncenter size-full wp-image-13009\" src=\"https:\/\/i0.wp.com\/www.color-lounge.com\/blog\/wp-content\/uploads\/2016\/08\/DSC9727_f.jpg?resize=640%2C640&#038;ssl=1\" alt=\"C\u00e9dric Riveau\" width=\"640\" height=\"640\" srcset=\"https:\/\/i0.wp.com\/www.color-lounge.com\/blog\/wp-content\/uploads\/2016\/08\/DSC9727_f.jpg?w=1000&amp;ssl=1 1000w, https:\/\/i0.wp.com\/www.color-lounge.com\/blog\/wp-content\/uploads\/2016\/08\/DSC9727_f.jpg?resize=800%2C800&amp;ssl=1 800w, https:\/\/i0.wp.com\/www.color-lounge.com\/blog\/wp-content\/uploads\/2016\/08\/DSC9727_f.jpg?resize=768%2C768&amp;ssl=1 768w, https:\/\/i0.wp.com\/www.color-lounge.com\/blog\/wp-content\/uploads\/2016\/08\/DSC9727_f.jpg?resize=120%2C120&amp;ssl=1 120w\" sizes=\"auto, (max-width: 640px) 100vw, 640px\" \/><br \/>\n\u2191 Nishizaki san, postier \u00e0 Inujima<\/p>\n<p><img data-recalc-dims=\"1\" loading=\"lazy\" decoding=\"async\" data-attachment-id=\"13010\" data-permalink=\"https:\/\/www.color-lounge.com\/blog\/2016\/portraits-de-setouchi\/_dsc9837_f\/#main\" data-orig-file=\"https:\/\/i0.wp.com\/www.color-lounge.com\/blog\/wp-content\/uploads\/2016\/08\/DSC9837_f.jpg?fit=1000%2C667&amp;ssl=1\" data-orig-size=\"1000,667\" data-comments-opened=\"1\" data-image-meta=\"{&quot;aperture&quot;:&quot;2.8&quot;,&quot;credit&quot;:&quot;Cedric Riveau&quot;,&quot;camera&quot;:&quot;DSC-RX100M4&quot;,&quot;caption&quot;:&quot;&quot;,&quot;created_timestamp&quot;:&quot;1470378316&quot;,&quot;copyright&quot;:&quot;Cedric Riveau&quot;,&quot;focal_length&quot;:&quot;18.3&quot;,&quot;iso&quot;:&quot;1600&quot;,&quot;shutter_speed&quot;:&quot;0.0125&quot;,&quot;title&quot;:&quot;&quot;,&quot;orientation&quot;:&quot;1&quot;}\" data-image-title=\"portrait &amp;#8211; Inujima\" data-image-description=\"\" data-image-caption=\"\" data-large-file=\"https:\/\/i0.wp.com\/www.color-lounge.com\/blog\/wp-content\/uploads\/2016\/08\/DSC9837_f.jpg?fit=640%2C427&amp;ssl=1\" class=\"aligncenter size-full wp-image-13010\" src=\"https:\/\/i0.wp.com\/www.color-lounge.com\/blog\/wp-content\/uploads\/2016\/08\/DSC9837_f.jpg?resize=640%2C427&#038;ssl=1\" alt=\"C\u00e9dric Riveau\" width=\"640\" height=\"427\" srcset=\"https:\/\/i0.wp.com\/www.color-lounge.com\/blog\/wp-content\/uploads\/2016\/08\/DSC9837_f.jpg?w=1000&amp;ssl=1 1000w, https:\/\/i0.wp.com\/www.color-lounge.com\/blog\/wp-content\/uploads\/2016\/08\/DSC9837_f.jpg?resize=800%2C534&amp;ssl=1 800w, https:\/\/i0.wp.com\/www.color-lounge.com\/blog\/wp-content\/uploads\/2016\/08\/DSC9837_f.jpg?resize=768%2C512&amp;ssl=1 768w\" sizes=\"auto, (max-width: 640px) 100vw, 640px\" \/><br \/>\n\u2191 Arimoto san, propri\u00e9taire de <a href=\"https:\/\/goo.gl\/maps\/5U2bRZAeMXr\">Arimoto shoten<\/a> et star d&rsquo;Inujima<br \/>\nKeiko Arimoto est intarissable. N\u00e9e \u00e0 Inujima, elle conna\u00eet toute l&rsquo;histoire de l&rsquo;\u00eele et de celles des alentours. Il suffit de parler d&rsquo;un sujet, de poser une question pour qu&rsquo;elle se lance dans une explication digne d&rsquo;un historien sur les gens, les moments historiques, les lieux qui ont marqu\u00e9 les aventures des environs. Il faut dire que nous \u00e9tions les seuls dans ce \u00ab\u00a0restaurant\u00a0\u00bb ancien qui pr\u00e9pare un bol de riz avec du poisson, un plat modeste et typique de la r\u00e9gion et qu&rsquo;elle voulait savoir comment nous le trouvions. Elle a tenu \u00e0 nous montrer un dvd o\u00f9 elle est film\u00e9e \u00e0 se balader dans Inujima pour justement raconter son histoire.<br \/>\nSans aucun doute, elle est la personnalit\u00e9 de l&rsquo;\u00eele et le revendique. Il faut dire qu&rsquo;\u00e0 72 ans, elle tient une forme d&rsquo;enfer et un sourire ravageur communicatif. Elle fait d&rsquo;ailleurs partie des plus jeunes&#8230; D&rsquo;autre part, comme il reste moins de 50 personnes, elle sert encore plus volontiers de r\u00e9f\u00e9rence. M\u00eame <a href=\"http:\/\/www.sanaa.co.jp\" target=\"_blank\">Kazuyo Sejima<\/a> qui s&rsquo;est \u00e9prise de l&rsquo;\u00eele la conna\u00eet&#8230; ou c&rsquo;est peut-\u00eatre le contraire. Les 50 habitants travaillent presque tous pour le projet artistique qui couvre toute la r\u00e9gion jusqu&rsquo;\u00e0 environ 80 ans. Les jeunes ne sont plus pr\u00e9sents. Ils partent pour Uno, Okayama ou Takamatsu o\u00f9 la vie est plus simple et plus adaptable. Il faut dire que sans supermarch\u00e9, je ne sais pas comment je pourrais faire. Poss\u00e9der une voiture gar\u00e9e \u00e0 Okayama pour aller faire des courses puis faire la travers\u00e9e en ferry, d\u00e9poser les courses, refaire la travers\u00e9e avec la voiture puis \u00e0 nouveau la travers\u00e9e sans la voiture !<br \/>\nL&rsquo;\u00eele n&rsquo;a d&rsquo;ailleurs pas toujours \u00e9t\u00e9 ainsi. Plus de 5000 personnes y vivaient il y a trois g\u00e9n\u00e9rations gr\u00e2ce aux carri\u00e8res de pierres. Inujima et Shodoshima poss\u00e8dent une pierre de qualit\u00e9 \u00e0 la couleur cuivr\u00e9e qui a \u00e9t\u00e9 utilis\u00e9e dans les plus grands ch\u00e2teaux et sanctuaires japonais et m\u00eame pour le port d&rsquo;Osaka.<br \/>\nIl y eut aussi le probl\u00e8me de la d\u00e9charge ill\u00e9gale \u00e0 Teshima qui ternit encore son image aujourd&rsquo;hui m\u00eame si elle a \u00e9t\u00e9 ferm\u00e9e depuis longtemps. Du coup, l&rsquo;huile d&rsquo;olive de la r\u00e9gion est estampill\u00e9e Shodoshima bien que la moiti\u00e9 des fruits vient de Teshima. Le dvd montrait aussi des images d&rsquo;archives d&rsquo;Inujima (et de Naoshima ?) au moment fort de son activit\u00e9 industrielle : une fum\u00e9e noire et peu veillante sortait alors de longues chemin\u00e9es de briques. Sur Inujima, plus rien aujourd&rsquo;hui et l&rsquo;usine de cuivre a \u00e9t\u00e9 convertie en mus\u00e9e. Sur Naoshima, il reste tout de m\u00eame Mitsubishi, d&rsquo;ailleurs premier contact peu attrayant avec l&rsquo;\u00eele quand on arrive d&rsquo;Inujima.<br \/>\nC&rsquo;est avec regret que nous l&rsquo;avons quitt\u00e9e pour prendre notre bateau. Arimoto san nous a chaleureusement salu\u00e9s, nous a donn\u00e9 sa carte de visite et nous a demand\u00e9 de revenir la voir la prochaine fois que nous serions dans la r\u00e9gion.<\/p>\n<p><img data-recalc-dims=\"1\" loading=\"lazy\" decoding=\"async\" data-attachment-id=\"13011\" data-permalink=\"https:\/\/www.color-lounge.com\/blog\/2016\/portraits-de-setouchi\/_dsc9968_bw\/#main\" data-orig-file=\"https:\/\/i0.wp.com\/www.color-lounge.com\/blog\/wp-content\/uploads\/2016\/08\/DSC9968_bw.jpg?fit=1000%2C1000&amp;ssl=1\" data-orig-size=\"1000,1000\" data-comments-opened=\"1\" data-image-meta=\"{&quot;aperture&quot;:&quot;4&quot;,&quot;credit&quot;:&quot;Cedric Riveau&quot;,&quot;camera&quot;:&quot;DSC-RX100M4&quot;,&quot;caption&quot;:&quot;&quot;,&quot;created_timestamp&quot;:&quot;1470540772&quot;,&quot;copyright&quot;:&quot;Cedric Riveau&quot;,&quot;focal_length&quot;:&quot;18.89&quot;,&quot;iso&quot;:&quot;160&quot;,&quot;shutter_speed&quot;:&quot;0.004&quot;,&quot;title&quot;:&quot;&quot;,&quot;orientation&quot;:&quot;1&quot;}\" data-image-title=\"portrait &amp;#8211; Naoshima\" data-image-description=\"\" data-image-caption=\"\" data-large-file=\"https:\/\/i0.wp.com\/www.color-lounge.com\/blog\/wp-content\/uploads\/2016\/08\/DSC9968_bw.jpg?fit=640%2C640&amp;ssl=1\" class=\"aligncenter size-full wp-image-13011\" src=\"https:\/\/i0.wp.com\/www.color-lounge.com\/blog\/wp-content\/uploads\/2016\/08\/DSC9968_bw.jpg?resize=640%2C640&#038;ssl=1\" alt=\"C\u00e9dric Riveau\" width=\"640\" height=\"640\" srcset=\"https:\/\/i0.wp.com\/www.color-lounge.com\/blog\/wp-content\/uploads\/2016\/08\/DSC9968_bw.jpg?w=1000&amp;ssl=1 1000w, https:\/\/i0.wp.com\/www.color-lounge.com\/blog\/wp-content\/uploads\/2016\/08\/DSC9968_bw.jpg?resize=800%2C800&amp;ssl=1 800w, https:\/\/i0.wp.com\/www.color-lounge.com\/blog\/wp-content\/uploads\/2016\/08\/DSC9968_bw.jpg?resize=768%2C768&amp;ssl=1 768w, https:\/\/i0.wp.com\/www.color-lounge.com\/blog\/wp-content\/uploads\/2016\/08\/DSC9968_bw.jpg?resize=120%2C120&amp;ssl=1 120w\" sizes=\"auto, (max-width: 640px) 100vw, 640px\" \/><br \/>\n\u2191 Mamie de Naoshima &#8211; 82 ans<br \/>\nElle se demandait comment les gens pouvaient se promener sous une telle chaleur. \u00ab\u00a0Qu&rsquo;est-ce qu&rsquo;il fait chaud !\u00a0\u00bb a-t-elle r\u00e9p\u00e9t\u00e9 plusieurs fois. Elle au moins, elle se rendait quelque part dans un but pr\u00e9cis mais nous ? alors qu&rsquo;il faisait si chaud ?<br \/>\nOriginaire de Naoshima, elle s&rsquo;est mise \u00e0 raconter sa vie sans vraiment qu&rsquo;on lui demande quoique ce soit. Nous \u00e9tions dans une petite rue du c\u00f4t\u00e9 du port de Miyanoura. Son fils prend le bateau tous les jours pour venir travailler chez Mitsubishi qui occupe les 30 % du nord de l&rsquo;\u00eele avec son usine de m\u00e9tallurgie car il habite \u00e0 Uno, la ville quoi ! \u00c0 Naoshima, la vie est un peu trop norme pour y rester quand on a une jeune famille. Elle, elle s&rsquo;occupe avec le karaoke \u00e0 c\u00f4t\u00e9 de chez elle pour y chanter tout ce qu&rsquo;elle aime.<br \/>\nAlors que nous marchions ensemble, elle nous a demand\u00e9 : \u00ab\u00a0Vous \u00eates all\u00e9s au 007 je-ne-sais-plus-quoi \u00e0 c\u00f4t\u00e9 ?\u00a0\u00bb La chose improbable fut pour nous de nous retrouver dans un \u00ab\u00a0mus\u00e9e\u00a0\u00bb d\u00e9di\u00e9 \u00e0 <a href=\"https:\/\/goo.gl\/maps\/japD6FHAWMv\" target=\"_blank\">James Bond<\/a> car le roman <em>The Man With the Red Tattoo<\/em> se d\u00e9roule (en partie) \u00e0 Naoshima. On n&rsquo;en revenait pas de se retrouver l\u00e0 gr\u00e2ce \u00e0 elle sans comprendre au d\u00e9but qu&rsquo;il s&rsquo;agissait de James Bond alors que nous nous trouvions \u00e0 Naoshima&#8230;<\/p>\n","protected":false},"excerpt":{"rendered":"<p>Les 10 jours dans les \u00eeles de l&rsquo;est de la mer Setouchi pour la triennale d&rsquo;art contemporain ont \u00e9t\u00e9 quelque chose ! En attendant plus de photographies sur ce voyage, voici quelques portraits pris sur les diff\u00e9rentes \u00eeles visit\u00e9es : Shodoshima, Teshima, Inujima, Naoshima, Ogijima, Megijima et Oshima. \u2191 Terminal du ferry \u00e0 Ogijima \u2191 [&hellip;]<\/p>\n","protected":false},"author":2,"featured_media":13013,"comment_status":"open","ping_status":"open","sticky":false,"template":"","format":"standard","meta":{"ngg_post_thumbnail":0,"jetpack_post_was_ever_published":false,"_jetpack_newsletter_access":"","_jetpack_dont_email_post_to_subs":false,"_jetpack_newsletter_tier_id":0,"_jetpack_memberships_contains_paywalled_content":false,"_jetpack_memberships_contains_paid_content":false,"footnotes":"","jetpack_publicize_message":"","jetpack_publicize_feature_enabled":true,"jetpack_social_post_already_shared":false,"jetpack_social_options":{"image_generator_settings":{"template":"highway","default_image_id":0,"font":"","enabled":false},"version":2}},"categories":[6,1335,13],"tags":[2989,2990,2277,2991,2992,2987,2988,2993],"class_list":["post-13000","post","type-post","status-publish","format-standard","has-post-thumbnail","hentry","category-japon","category-du-jour","category-voyages","tag-inujima","tag-megijima","tag-naoshima-2","tag-ogijima","tag-oshima","tag-setouchi","tag-shodoshima","tag-teshima"],"aioseo_notices":[],"jetpack_publicize_connections":[],"jetpack_featured_media_url":"https:\/\/i0.wp.com\/www.color-lounge.com\/blog\/wp-content\/uploads\/2016\/08\/DSC9644_f-1.jpg?fit=600%2C800&ssl=1","jetpack_sharing_enabled":true,"jetpack_shortlink":"https:\/\/wp.me\/p5BAbw-3nG","_links":{"self":[{"href":"https:\/\/www.color-lounge.com\/blog\/wp-json\/wp\/v2\/posts\/13000","targetHints":{"allow":["GET"]}}],"collection":[{"href":"https:\/\/www.color-lounge.com\/blog\/wp-json\/wp\/v2\/posts"}],"about":[{"href":"https:\/\/www.color-lounge.com\/blog\/wp-json\/wp\/v2\/types\/post"}],"author":[{"embeddable":true,"href":"https:\/\/www.color-lounge.com\/blog\/wp-json\/wp\/v2\/users\/2"}],"replies":[{"embeddable":true,"href":"https:\/\/www.color-lounge.com\/blog\/wp-json\/wp\/v2\/comments?post=13000"}],"version-history":[{"count":11,"href":"https:\/\/www.color-lounge.com\/blog\/wp-json\/wp\/v2\/posts\/13000\/revisions"}],"predecessor-version":[{"id":13023,"href":"https:\/\/www.color-lounge.com\/blog\/wp-json\/wp\/v2\/posts\/13000\/revisions\/13023"}],"wp:featuredmedia":[{"embeddable":true,"href":"https:\/\/www.color-lounge.com\/blog\/wp-json\/wp\/v2\/media\/13013"}],"wp:attachment":[{"href":"https:\/\/www.color-lounge.com\/blog\/wp-json\/wp\/v2\/media?parent=13000"}],"wp:term":[{"taxonomy":"category","embeddable":true,"href":"https:\/\/www.color-lounge.com\/blog\/wp-json\/wp\/v2\/categories?post=13000"},{"taxonomy":"post_tag","embeddable":true,"href":"https:\/\/www.color-lounge.com\/blog\/wp-json\/wp\/v2\/tags?post=13000"}],"curies":[{"name":"wp","href":"https:\/\/api.w.org\/{rel}","templated":true}]}}